{"id":10468,"date":"2023-05-29T10:27:10","date_gmt":"2023-05-29T08:27:10","guid":{"rendered":"https:\/\/cpablitas.educacion.navarra.es\/web\/?p=10468"},"modified":"2023-05-29T10:27:11","modified_gmt":"2023-05-29T08:27:11","slug":"movilidad-erasmus-a-italia","status":"publish","type":"post","link":"https:\/\/cpablitas.educacion.navarra.es\/web\/blog\/2023\/05\/29\/movilidad-erasmus-a-italia\/","title":{"rendered":"Movilidad Erasmus+ a Italia"},"content":{"rendered":"\n<p>Del 15 al 20 de mayo, <strong>14 alumnos y alumnas <\/strong>de 6\u00ba de EP del CPEIP San Babil de Ablitas, junto a dos de sus profesores, llevaron a cabo la <strong>\u00faltima movilidad del proyecto Erasmus+<\/strong> <strong>eTwinning \u201cEducArte+\u201d <\/strong>en Abano Terme (Italia).<\/p>\n\n\n\n<figure class=\"wp-block-image size-large\"><a href=\"https:\/\/cpablitas.educacion.navarra.es\/web\/wp-content\/uploads\/2023\/05\/IMG_20230515_072002-scaled.jpg\"><img loading=\"lazy\" width=\"1024\" height=\"576\" src=\"https:\/\/cpablitas.educacion.navarra.es\/web\/wp-content\/uploads\/2023\/05\/IMG_20230515_072002-1024x576.jpg\" alt=\"\" class=\"wp-image-10469\" srcset=\"https:\/\/cpablitas.educacion.navarra.es\/web\/wp-content\/uploads\/2023\/05\/IMG_20230515_072002-1024x576.jpg 1024w, https:\/\/cpablitas.educacion.navarra.es\/web\/wp-content\/uploads\/2023\/05\/IMG_20230515_072002-300x169.jpg 300w, https:\/\/cpablitas.educacion.navarra.es\/web\/wp-content\/uploads\/2023\/05\/IMG_20230515_072002-768x432.jpg 768w, https:\/\/cpablitas.educacion.navarra.es\/web\/wp-content\/uploads\/2023\/05\/IMG_20230515_072002-1536x864.jpg 1536w, https:\/\/cpablitas.educacion.navarra.es\/web\/wp-content\/uploads\/2023\/05\/IMG_20230515_072002-2048x1152.jpg 2048w, https:\/\/cpablitas.educacion.navarra.es\/web\/wp-content\/uploads\/2023\/05\/IMG_20230515_072002-285x160.jpg 285w\" sizes=\"(max-width: 1024px) 100vw, 1024px\" \/><\/a><figcaption><em>ALUMNADO DEL CPEIP SAN BABIL DE ABLITAS QUE PARTICIP\u00d3 EN LA MOVILIDAD A ITALIA<\/em><\/figcaption><\/figure>\n\n\n\n<p>A lo largo de este curso 2022\/23, el alumnado de 6\u00ba EP ha estado desarrollando el proyecto con <strong>socios de Salbris (Francia), Abano Terme (Italia) y Rodgau (Alemania)<\/strong>, consistente en <strong>crear colaborativamente unas peque\u00f1as obras de teatro con valores europeos<\/strong> que <strong>se representan y graban en las movilidades<\/strong> a realizar en Italia y Espa\u00f1a. Pod\u00e9is seguir el proceso del proyecto en <a href=\"https:\/\/school-education.ec.europa.eu\/en\/etwinning\/projects\/educarte-0\/twinspace\"><strong>nuestro Twinspace<\/strong><\/a><strong>.<\/strong><\/p>\n\n\n\n<figure class=\"wp-block-image size-full\"><a href=\"https:\/\/cpablitas.educacion.navarra.es\/web\/wp-content\/uploads\/2023\/05\/IMG_20230519_120928-1.jpg\"><img loading=\"lazy\" width=\"1020\" height=\"574\" src=\"https:\/\/cpablitas.educacion.navarra.es\/web\/wp-content\/uploads\/2023\/05\/IMG_20230519_120928-1.jpg\" alt=\"\" class=\"wp-image-10470\" srcset=\"https:\/\/cpablitas.educacion.navarra.es\/web\/wp-content\/uploads\/2023\/05\/IMG_20230519_120928-1.jpg 1020w, https:\/\/cpablitas.educacion.navarra.es\/web\/wp-content\/uploads\/2023\/05\/IMG_20230519_120928-1-300x169.jpg 300w, https:\/\/cpablitas.educacion.navarra.es\/web\/wp-content\/uploads\/2023\/05\/IMG_20230519_120928-1-768x432.jpg 768w, https:\/\/cpablitas.educacion.navarra.es\/web\/wp-content\/uploads\/2023\/05\/IMG_20230519_120928-1-285x160.jpg 285w\" sizes=\"(max-width: 1020px) 100vw, 1020px\" \/><\/a><figcaption><em>PARTICIPANTES DE ITALIA, FRANCIA Y ESPA\u00d1A EN LA MOVILIDAD A ITALIA<\/em><\/figcaption><\/figure>\n\n\n\n<p>Gracias a la <strong>cofinanciaci\u00f3n del programa europeo Erasmus+<\/strong>, nuestro proyecto KA122-SCH-E9B591A6 denominado \u201cEducArte\u201d ha tenido los recursos suficientes para realizar <strong>movilidades a Francia y Alemania<\/strong>, el curso pasado, <strong>y a Italia<\/strong> en este.<\/p>\n\n\n\n<div class=\"wp-block-image\"><figure class=\"aligncenter size-full\"><a href=\"https:\/\/cpablitas.educacion.navarra.es\/web\/wp-content\/uploads\/2023\/05\/Logo-cofinanciado-Erasmus.png\"><img loading=\"lazy\" width=\"456\" height=\"110\" src=\"https:\/\/cpablitas.educacion.navarra.es\/web\/wp-content\/uploads\/2023\/05\/Logo-cofinanciado-Erasmus.png\" alt=\"\" class=\"wp-image-10471\" srcset=\"https:\/\/cpablitas.educacion.navarra.es\/web\/wp-content\/uploads\/2023\/05\/Logo-cofinanciado-Erasmus.png 456w, https:\/\/cpablitas.educacion.navarra.es\/web\/wp-content\/uploads\/2023\/05\/Logo-cofinanciado-Erasmus-300x72.png 300w\" sizes=\"(max-width: 456px) 100vw, 456px\" \/><\/a><\/figure><\/div>\n\n\n\n<p>La \u00faltima movilidad ha sido exitosa, ya que pudimos terminar de cumplir con <strong>nuestros objetivos<\/strong>:<\/p>\n\n\n\n<ul><li>Mejorar la convivencia entre el alumnado, fomentando la inclusi\u00f3n, el respeto, la tolerancia y los valores democr\u00e1ticos.<\/li><li>Adquirir mejores competencias ling\u00fc\u00edsticas y desarrollar habilidades propias del trabajo en equipo, usando las Tecnolog\u00edas de la Informaci\u00f3n y la Comunicaci\u00f3n para facilitar la colaboraci\u00f3n en l\u00ednea.<\/li><li>Fomentar la motivaci\u00f3n del aprendizaje por parte del alumnado, promoviendo el cambio a metodolog\u00edas activas y transversales usando el teatro y la dramatizaci\u00f3n, desde enfoques l\u00fadicos e innovadores.&nbsp;<\/li><li>Promover la interculturalidad y el respeto al medioambiente como parte de la comunidad europea.<\/li><\/ul>\n\n\n\n<p>Estos objetivos han sido alcanzados a trav\u00e9s de un proyecto que ha tenido <strong>el teatro y los valores europeos como herramienta pedag\u00f3gica<\/strong>. Primero, a trav\u00e9s de internet y, despu\u00e9s, con las movilidades presenciales que enriquecen tanto la experiencia para todos los participantes.<\/p>\n\n\n\n<p>Durante nuestra <strong>movilidad a Abano Terme (Italia)<\/strong>, no solo hemos podido ensayar y grabar conjuntamente las obras de teatro con nuestros socios de Francia e Italia para obtener nuestros <strong>productos finales<\/strong>, sino que hemos sabido <strong>convivir<\/strong> con ellos y aprender de su <strong>cultura<\/strong>, tanto por los <strong>lugares visitados<\/strong> (Abano, Venecia y Padua) como por las <strong>costumbres<\/strong>, las <strong>comidas<\/strong>, la <strong>manera de expresarse<\/strong> de unos y otros en un idioma que no es el suyo y las soluciones buscadas a entenderse cuando el espa\u00f1ol no era suficiente.<\/p>\n\n\n\n<figure class=\"wp-block-gallery has-nested-images columns-default is-cropped\">\n<figure class=\"wp-block-image size-large\"><a href=\"https:\/\/cpablitas.educacion.navarra.es\/web\/wp-content\/uploads\/2023\/05\/IMG_20230517_120954.jpg\"><img loading=\"lazy\" width=\"1024\" height=\"576\" data-id=\"10472\"  src=\"https:\/\/cpablitas.educacion.navarra.es\/web\/wp-content\/uploads\/2023\/05\/IMG_20230517_120954-1024x576.jpg\" alt=\"\" class=\"wp-image-10472\" srcset=\"https:\/\/cpablitas.educacion.navarra.es\/web\/wp-content\/uploads\/2023\/05\/IMG_20230517_120954-1024x576.jpg 1024w, https:\/\/cpablitas.educacion.navarra.es\/web\/wp-content\/uploads\/2023\/05\/IMG_20230517_120954-300x169.jpg 300w, https:\/\/cpablitas.educacion.navarra.es\/web\/wp-content\/uploads\/2023\/05\/IMG_20230517_120954-768x432.jpg 768w, https:\/\/cpablitas.educacion.navarra.es\/web\/wp-content\/uploads\/2023\/05\/IMG_20230517_120954-1536x864.jpg 1536w, https:\/\/cpablitas.educacion.navarra.es\/web\/wp-content\/uploads\/2023\/05\/IMG_20230517_120954-285x160.jpg 285w, https:\/\/cpablitas.educacion.navarra.es\/web\/wp-content\/uploads\/2023\/05\/IMG_20230517_120954.jpg 1632w\" sizes=\"(max-width: 1024px) 100vw, 1024px\" \/><\/a><figcaption><em>PARTICIPANTES DE ESPA\u00d1A VISITANDO VENECIA<\/em><\/figcaption><\/figure>\n<\/figure>\n\n\n\n<p>Destacar que el alumnado de Espa\u00f1a tiene alrededor de 11-12 a\u00f1os, el de Francia 13-14 a\u00f1os y el de Italia 15-16 a\u00f1os. Esta <strong>heterogeneidad del alumnado<\/strong> ha sido muy enriquecedora y ha puesto de manifiesto la <strong>inclusi\u00f3n<\/strong>, el <strong>respeto<\/strong> y la <strong>tolerancia<\/strong> a cada uno de los participantes y se han esforzado entre todos de crear colaborativamente obras de teatro con los <strong>valores democr\u00e1ticos<\/strong> que m\u00e1s les han interesado y contribuir a una <strong>ciudadan\u00eda europea<\/strong> m\u00e1s adecuada.<\/p>\n\n\n\n<figure class=\"wp-block-image size-large\"><a href=\"https:\/\/cpablitas.educacion.navarra.es\/web\/wp-content\/uploads\/2023\/05\/IMG_20230516_081749.jpg\"><img loading=\"lazy\" width=\"1024\" height=\"576\" src=\"https:\/\/cpablitas.educacion.navarra.es\/web\/wp-content\/uploads\/2023\/05\/IMG_20230516_081749-1024x576.jpg\" alt=\"\" class=\"wp-image-10473\" srcset=\"https:\/\/cpablitas.educacion.navarra.es\/web\/wp-content\/uploads\/2023\/05\/IMG_20230516_081749-1024x576.jpg 1024w, https:\/\/cpablitas.educacion.navarra.es\/web\/wp-content\/uploads\/2023\/05\/IMG_20230516_081749-300x169.jpg 300w, https:\/\/cpablitas.educacion.navarra.es\/web\/wp-content\/uploads\/2023\/05\/IMG_20230516_081749-768x432.jpg 768w, https:\/\/cpablitas.educacion.navarra.es\/web\/wp-content\/uploads\/2023\/05\/IMG_20230516_081749-1536x864.jpg 1536w, https:\/\/cpablitas.educacion.navarra.es\/web\/wp-content\/uploads\/2023\/05\/IMG_20230516_081749-285x160.jpg 285w, https:\/\/cpablitas.educacion.navarra.es\/web\/wp-content\/uploads\/2023\/05\/IMG_20230516_081749.jpg 1632w\" sizes=\"(max-width: 1024px) 100vw, 1024px\" \/><\/a><figcaption><em>ALUMNADO DE ITALIA, FRANCIA Y ESPA\u00d1A EN LA MOVILIDAD A ITALIA<\/em><br><\/figcaption><\/figure>\n\n\n\n<p>Para nosotros, <strong>nuestro proyecto Erasmus+ KA122-SCH-E9B591A6 denominado \u201cEducArte\u201d ha finalizado muy satisfactoriamente<\/strong> con lo desarrollado a lo largo de estos dos \u00faltimos cursos. Pero, todav\u00eda nos queda ser <strong>centro de acogida<\/strong> para nuestros compa\u00f1eros de Francia e Italia <strong>del 4 al 9 de junio<\/strong>. Trataremos de hacerlo, al menos, tan bien como lo realizado en Italia y que el alumnado del colegio de Ablitas que no particip\u00f3 en esa movilidad tenga su semana de experiencia Erasmus+ con la convivencia, ensayo y grabaci\u00f3n de sus obras teatrales. <strong>\u00a1Os esperamos!<\/strong><\/p>\n\n\n\n<figure class=\"wp-block-image size-large\"><a href=\"https:\/\/cpablitas.educacion.navarra.es\/web\/wp-content\/uploads\/2023\/05\/IMG_20230519_120333.jpg\"><img loading=\"lazy\" width=\"1024\" height=\"576\" src=\"https:\/\/cpablitas.educacion.navarra.es\/web\/wp-content\/uploads\/2023\/05\/IMG_20230519_120333-1024x576.jpg\" alt=\"\" class=\"wp-image-10474\" srcset=\"https:\/\/cpablitas.educacion.navarra.es\/web\/wp-content\/uploads\/2023\/05\/IMG_20230519_120333-1024x576.jpg 1024w, https:\/\/cpablitas.educacion.navarra.es\/web\/wp-content\/uploads\/2023\/05\/IMG_20230519_120333-300x169.jpg 300w, https:\/\/cpablitas.educacion.navarra.es\/web\/wp-content\/uploads\/2023\/05\/IMG_20230519_120333-768x432.jpg 768w, https:\/\/cpablitas.educacion.navarra.es\/web\/wp-content\/uploads\/2023\/05\/IMG_20230519_120333-1536x864.jpg 1536w, https:\/\/cpablitas.educacion.navarra.es\/web\/wp-content\/uploads\/2023\/05\/IMG_20230519_120333-285x160.jpg 285w, https:\/\/cpablitas.educacion.navarra.es\/web\/wp-content\/uploads\/2023\/05\/IMG_20230519_120333.jpg 1632w\" sizes=\"(max-width: 1024px) 100vw, 1024px\" \/><\/a><figcaption><em>ALUMNADO DE ESPA\u00d1A EN EL INSTITUTO I. S. LEON BATTISTA ALBERTI DE ABANO TERME<\/em><br><\/figcaption><\/figure>\n\n\n\n<p class=\"has-text-align-right\">Juan F. Pe\u00f1as Viso (Coordinador del Proyecto)<\/p>\n","protected":false},"excerpt":{"rendered":"<p>Del 15 al 20 de mayo, 14 alumnos y alumnas de 6\u00ba de EP del CPEIP San Babil de Ablitas, junto a dos de sus profesores, llevaron a cabo la \u00faltima movilidad del proyecto Erasmus+ eTwinning \u201cEducArte+\u201d en Abano Terme (Italia). A lo largo de este curso 2022\/23, el alumnado de 6\u00ba EP ha estado [&hellip;]<\/p>\n","protected":false},"author":6,"featured_media":9578,"comment_status":"open","ping_status":"open","sticky":false,"template":"","format":"standard","meta":{"_genesis_hide_title":false,"_genesis_hide_breadcrumbs":false,"_genesis_hide_singular_image":false,"_genesis_hide_footer_widgets":false,"_genesis_custom_body_class":"","_genesis_custom_post_class":"","_genesis_layout":""},"categories":[16],"tags":[],"_links":{"self":[{"href":"https:\/\/cpablitas.educacion.navarra.es\/web\/wp-json\/wp\/v2\/posts\/10468"}],"collection":[{"href":"https:\/\/cpablitas.educacion.navarra.es\/web\/wp-json\/wp\/v2\/posts"}],"about":[{"href":"https:\/\/cpablitas.educacion.navarra.es\/web\/wp-json\/wp\/v2\/types\/post"}],"author":[{"embeddable":true,"href":"https:\/\/cpablitas.educacion.navarra.es\/web\/wp-json\/wp\/v2\/users\/6"}],"replies":[{"embeddable":true,"href":"https:\/\/cpablitas.educacion.navarra.es\/web\/wp-json\/wp\/v2\/comments?post=10468"}],"version-history":[{"count":2,"href":"https:\/\/cpablitas.educacion.navarra.es\/web\/wp-json\/wp\/v2\/posts\/10468\/revisions"}],"predecessor-version":[{"id":10476,"href":"https:\/\/cpablitas.educacion.navarra.es\/web\/wp-json\/wp\/v2\/posts\/10468\/revisions\/10476"}],"wp:featuredmedia":[{"embeddable":true,"href":"https:\/\/cpablitas.educacion.navarra.es\/web\/wp-json\/wp\/v2\/media\/9578"}],"wp:attachment":[{"href":"https:\/\/cpablitas.educacion.navarra.es\/web\/wp-json\/wp\/v2\/media?parent=10468"}],"wp:term":[{"taxonomy":"category","embeddable":true,"href":"https:\/\/cpablitas.educacion.navarra.es\/web\/wp-json\/wp\/v2\/categories?post=10468"},{"taxonomy":"post_tag","embeddable":true,"href":"https:\/\/cpablitas.educacion.navarra.es\/web\/wp-json\/wp\/v2\/tags?post=10468"}],"curies":[{"name":"wp","href":"https:\/\/api.w.org\/{rel}","templated":true}]}}