{"id":10782,"date":"2025-09-03T11:24:43","date_gmt":"2025-09-03T09:24:43","guid":{"rendered":"https:\/\/cpablitas.educacion.navarra.es\/web\/?p=10782"},"modified":"2025-09-04T08:45:31","modified_gmt":"2025-09-04T06:45:31","slug":"comienzo-del-curso-20025-26","status":"publish","type":"post","link":"https:\/\/cpablitas.educacion.navarra.es\/web\/blog\/2025\/09\/03\/comienzo-del-curso-20025-26\/","title":{"rendered":"Comienzo del curso 2025\/26"},"content":{"rendered":"\n<p>Ya estamos en septiembre y comenzamos un nuevo curso. \ud83d\ude42<\/p>\n\n\n\n<p>Las clases con el <strong>alumnado<\/strong> empezar\u00e1n <strong>el pr\u00f3ximo lunes 8 de septiembre a las 9h<\/strong>.<\/p>\n\n\n\n<p>El horario lectivo acabar\u00e1 a las 14:10h.<\/p>\n\n\n\n<p>Estas son las fechas de las <strong>Reuniones Generales de Comienzo de Curso<\/strong>:<\/p>\n\n\n\n<figure class=\"wp-block-table\"><table><tbody><tr><td>Grupo&nbsp;<\/td><td>Fecha&nbsp;<\/td><\/tr><tr><td>1\u00ba EI<\/td><td>Lunes 22\/09\/2025<\/td><\/tr><tr><td>2\u00ba EI<\/td><td>Jueves 18\/09\/2025<\/td><\/tr><tr><td>3\u00ba EI<\/td><td>Lunes 15\/09\/2025<\/td><\/tr><tr><td>1\u00ba EP<\/td><td>Martes 23\/09\/2025<\/td><\/tr><tr><td>2\u00ba EP<\/td><td>Mi\u00e9rcoles 24\/09\/2025<\/td><\/tr><tr><td>3\u00ba EP<\/td><td>Jueves 18\/09\/2025<\/td><\/tr><tr><td>4\u00ba EP<\/td><td>Mi\u00e9rcoles 17\/09\/2025<\/td><\/tr><tr><td>5\u00ba EP&nbsp;<\/td><td>Martes 16\/09\/2025<\/td><\/tr><tr><td>6\u00ba EP&nbsp;<\/td><td>Lunes 15\/09\/2025<\/td><\/tr><\/tbody><\/table><\/figure>\n\n\n\n<p>Pod\u00e9is encontrar informaci\u00f3n importante para las <strong>familias<\/strong> en el men\u00fa superior.<\/p>\n\n\n\n<p class=\"has-text-align-center\"><strong>\u00a1\u00a1\u00a1BUEN CURSO 2025\/26!!!<\/strong><\/p>\n","protected":false},"excerpt":{"rendered":"<p>Ya estamos en septiembre y comenzamos un nuevo curso. \ud83d\ude42 Las clases con el alumnado empezar\u00e1n el pr\u00f3ximo lunes 8 de septiembre a las 9h. El horario lectivo acabar\u00e1 a las 14:10h. Estas son las fechas de las Reuniones Generales de Comienzo de Curso: Grupo&nbsp; Fecha&nbsp; 1\u00ba EI Lunes 22\/09\/2025 2\u00ba EI Jueves 18\/09\/2025 3\u00ba [&hellip;]<\/p>\n","protected":false},"author":6,"featured_media":8416,"comment_status":"open","ping_status":"open","sticky":false,"template":"","format":"standard","meta":{"_genesis_hide_title":false,"_genesis_hide_breadcrumbs":false,"_genesis_hide_singular_image":false,"_genesis_hide_footer_widgets":false,"_genesis_custom_body_class":"","_genesis_custom_post_class":"","_genesis_layout":""},"categories":[16],"tags":[],"_links":{"self":[{"href":"https:\/\/cpablitas.educacion.navarra.es\/web\/wp-json\/wp\/v2\/posts\/10782"}],"collection":[{"href":"https:\/\/cpablitas.educacion.navarra.es\/web\/wp-json\/wp\/v2\/posts"}],"about":[{"href":"https:\/\/cpablitas.educacion.navarra.es\/web\/wp-json\/wp\/v2\/types\/post"}],"author":[{"embeddable":true,"href":"https:\/\/cpablitas.educacion.navarra.es\/web\/wp-json\/wp\/v2\/users\/6"}],"replies":[{"embeddable":true,"href":"https:\/\/cpablitas.educacion.navarra.es\/web\/wp-json\/wp\/v2\/comments?post=10782"}],"version-history":[{"count":3,"href":"https:\/\/cpablitas.educacion.navarra.es\/web\/wp-json\/wp\/v2\/posts\/10782\/revisions"}],"predecessor-version":[{"id":10785,"href":"https:\/\/cpablitas.educacion.navarra.es\/web\/wp-json\/wp\/v2\/posts\/10782\/revisions\/10785"}],"wp:featuredmedia":[{"embeddable":true,"href":"https:\/\/cpablitas.educacion.navarra.es\/web\/wp-json\/wp\/v2\/media\/8416"}],"wp:attachment":[{"href":"https:\/\/cpablitas.educacion.navarra.es\/web\/wp-json\/wp\/v2\/media?parent=10782"}],"wp:term":[{"taxonomy":"category","embeddable":true,"href":"https:\/\/cpablitas.educacion.navarra.es\/web\/wp-json\/wp\/v2\/categories?post=10782"},{"taxonomy":"post_tag","embeddable":true,"href":"https:\/\/cpablitas.educacion.navarra.es\/web\/wp-json\/wp\/v2\/tags?post=10782"}],"curies":[{"name":"wp","href":"https:\/\/api.w.org\/{rel}","templated":true}]}}