{"id":10809,"date":"2026-02-26T12:09:36","date_gmt":"2026-02-26T11:09:36","guid":{"rendered":"https:\/\/cpablitas.educacion.navarra.es\/web\/?p=10809"},"modified":"2026-02-26T12:13:20","modified_gmt":"2026-02-26T11:13:20","slug":"concurso-de-logos-del-colegio","status":"publish","type":"post","link":"https:\/\/cpablitas.educacion.navarra.es\/web\/blog\/2026\/02\/26\/concurso-de-logos-del-colegio\/","title":{"rendered":"Concurso de Logos del colegio"},"content":{"rendered":"\n<p class=\"has-text-align-left\">Estimadas familias:<br>Os compartimos un v\u00eddeo que ha realizado el alumnado de 4\u00ba de primaria para animamos a participar en el I concurso de logotipos para el centro: \u00abMenos residuos, m\u00e1s futuro\u00bb. El \u00faltimo d\u00eda es el 16 de marzo.<br><a rel=\"noreferrer noopener\" href=\"https:\/\/drive.google.com\/file\/d\/1U_1-A7LcZZVge5imaTBHwrX0vAzc9QpT\/view?usp=sharing\" target=\"_blank\"><img loading=\"lazy\" width=\"927\" height=\"495\" class=\"wp-image-10810\" style=\"width: 600px;\" src=\"https:\/\/cpablitas.educacion.navarra.es\/web\/wp-content\/uploads\/2026\/02\/anuncio.png\" alt=\"\" srcset=\"https:\/\/cpablitas.educacion.navarra.es\/web\/wp-content\/uploads\/2026\/02\/anuncio.png 927w, https:\/\/cpablitas.educacion.navarra.es\/web\/wp-content\/uploads\/2026\/02\/anuncio-300x160.png 300w, https:\/\/cpablitas.educacion.navarra.es\/web\/wp-content\/uploads\/2026\/02\/anuncio-768x410.png 768w\" sizes=\"(max-width: 927px) 100vw, 927px\" \/><\/a><br><\/p>\n\n\n\n<p class=\"has-text-align-left\">Pod\u00e9is ver las bases <a rel=\"noreferrer noopener\" href=\"https:\/\/drive.google.com\/file\/d\/10XjeVq6gyLKY_2hM4GiyNO2a6kFl6IbR\/view?usp=sharing\" target=\"_blank\">aqu\u00ed<\/a>.<br>\u00a1An\u00edmate y participa!<\/p>\n","protected":false},"excerpt":{"rendered":"<p>Estimadas familias:Os compartimos un v\u00eddeo que ha realizado el alumnado de 4\u00ba de primaria para animamos a participar en el I concurso de logotipos para el centro: \u00abMenos residuos, m\u00e1s futuro\u00bb. El \u00faltimo d\u00eda es el 16 de marzo. Pod\u00e9is ver las bases aqu\u00ed.\u00a1An\u00edmate y participa!<\/p>\n","protected":false},"author":1,"featured_media":0,"comment_status":"open","ping_status":"open","sticky":false,"template":"","format":"standard","meta":{"_genesis_hide_title":false,"_genesis_hide_breadcrumbs":false,"_genesis_hide_singular_image":false,"_genesis_hide_footer_widgets":false,"_genesis_custom_body_class":"","_genesis_custom_post_class":"","_genesis_layout":""},"categories":[16],"tags":[],"_links":{"self":[{"href":"https:\/\/cpablitas.educacion.navarra.es\/web\/wp-json\/wp\/v2\/posts\/10809"}],"collection":[{"href":"https:\/\/cpablitas.educacion.navarra.es\/web\/wp-json\/wp\/v2\/posts"}],"about":[{"href":"https:\/\/cpablitas.educacion.navarra.es\/web\/wp-json\/wp\/v2\/types\/post"}],"author":[{"embeddable":true,"href":"https:\/\/cpablitas.educacion.navarra.es\/web\/wp-json\/wp\/v2\/users\/1"}],"replies":[{"embeddable":true,"href":"https:\/\/cpablitas.educacion.navarra.es\/web\/wp-json\/wp\/v2\/comments?post=10809"}],"version-history":[{"count":5,"href":"https:\/\/cpablitas.educacion.navarra.es\/web\/wp-json\/wp\/v2\/posts\/10809\/revisions"}],"predecessor-version":[{"id":10817,"href":"https:\/\/cpablitas.educacion.navarra.es\/web\/wp-json\/wp\/v2\/posts\/10809\/revisions\/10817"}],"wp:attachment":[{"href":"https:\/\/cpablitas.educacion.navarra.es\/web\/wp-json\/wp\/v2\/media?parent=10809"}],"wp:term":[{"taxonomy":"category","embeddable":true,"href":"https:\/\/cpablitas.educacion.navarra.es\/web\/wp-json\/wp\/v2\/categories?post=10809"},{"taxonomy":"post_tag","embeddable":true,"href":"https:\/\/cpablitas.educacion.navarra.es\/web\/wp-json\/wp\/v2\/tags?post=10809"}],"curies":[{"name":"wp","href":"https:\/\/api.w.org\/{rel}","templated":true}]}}