{"id":5038,"date":"2014-02-10T00:00:21","date_gmt":"2014-02-09T23:00:21","guid":{"rendered":"http:\/\/cpablitas.educacion.navarra.es\/blog\/?p=5038"},"modified":"2014-02-10T00:00:21","modified_gmt":"2014-02-09T23:00:21","slug":"jornada-de-puertas-abiertas-2","status":"publish","type":"post","link":"https:\/\/cpablitas.educacion.navarra.es\/web\/blog\/2014\/02\/10\/jornada-de-puertas-abiertas-2\/","title":{"rendered":"JORNADA DE PUERTAS ABIERTAS"},"content":{"rendered":"<div>\n<h3><span style=\"color: #800000\">Preinscripci\u00f3n y matr\u00edcula del alumnado de Segundo Ciclo de Educaci\u00f3n Infantil y Primaria Curso 2014-2015<\/span><\/h3>\n<p>Fecha de inicio del plazo de presentaci\u00f3n: <span style=\"color: #800000\"><strong>20-02-2014<\/strong><\/span><\/p>\n<p>Fecha de finalizaci\u00f3n del plazo de presentaci\u00f3n: <span style=\"color: #800000\"><strong>26-02-2014<\/strong><\/span><\/div>\n<p style=\"text-align: justify\"><strong>El <span style=\"color: #0000ff\">martes 18 de febrero<\/span> se celebrar\u00e1 la <span style=\"color: #0000ff\">Jornada de Puertas Abiertas<\/span> de nuestro colegio, donde el <span style=\"color: #800000\">Equipo Directivo<\/span> se reunir\u00e1 con los padres y madres del <span style=\"color: #800000\">futuro alumnado<\/span> para comentarles todo lo referente al funcionamiento, a los planes y proyectos educativos y a las actividades propias de nuestro centro.<\/strong><\/p>\n<p style=\"text-align: center\"><strong><a href=\"http:\/\/cpablitas.educacion.navarra.es\/web\/wp-content\/uploads\/2013\/01\/Jornada-Puertas-Abiertas.jpg\"><img loading=\"lazy\" title=\"Jornada Puertas Abiertas\" src=\"http:\/\/cpablitas.educacion.navarra.es\/web\/wp-content\/uploads\/2013\/01\/Jornada-Puertas-Abiertas-300x249.jpg\" alt=\"Jornada Puertas Abiertas\" width=\"300\" height=\"249\" \/><\/a><br \/>\n<\/strong>\n<\/p>\n<p style=\"text-align: justify\"><strong>La sesi\u00f3n comenzar\u00e1 <span style=\"color: #0000ff\">a las 15:30 h.<\/span> con el recibimiento a los padres y madres. A continuaci\u00f3n se  proyectar\u00e1n unas diapositivas para comentar los aspectos m\u00e1s importantes  del colegio y se entregar\u00e1 documentaci\u00f3n con la informaci\u00f3n relevante  para el nuevo alumnado.<\/strong> <strong>Por \u00faltimo, se realizar\u00e1 una visita a las instalaciones del centro.<\/strong><\/p>\n<p style=\"text-align: center\"><a href=\"http:\/\/cpablitas.educacion.navarra.es\/web\/wp-content\/uploads\/2013\/01\/Jornada.jpg\"><img loading=\"lazy\" title=\"Jornada\" src=\"http:\/\/cpablitas.educacion.navarra.es\/web\/wp-content\/uploads\/2013\/01\/Jornada.jpg\" alt=\"Jornada\" width=\"220\" height=\"146\" \/><\/a><\/p>\n<p style=\"text-align: center\"><span style=\"color: #800000\"><strong>\u00a1\u00a1\u00a1 BIENVENIDOS, WELCOME, ONGI ETORRI !!!<\/strong><\/span><\/p>\n<p style=\"text-align: left\"><span style=\"color: #000000\">&#8230;<\/span><\/p>\n<p style=\"text-align: left\"><span style=\"color: #800000\"><span style=\"color: #000000\">Tablitas Abierto<\/span><strong><br \/>\n<\/strong><\/span><\/p>\n","protected":false},"excerpt":{"rendered":"<p>Preinscripci\u00f3n y matr\u00edcula del alumnado de Segundo Ciclo de Educaci\u00f3n Infantil y Primaria Curso 2014-2015 Fecha de inicio del plazo de presentaci\u00f3n: 20-02-2014 Fecha de finalizaci\u00f3n del plazo de presentaci\u00f3n: 26-02-2014 El martes 18 de febrero se celebrar\u00e1 la Jornada de Puertas Abiertas de nuestro colegio, donde el Equipo Directivo se reunir\u00e1 con los padres [&hellip;]<\/p>\n","protected":false},"author":6,"featured_media":0,"comment_status":"open","ping_status":"open","sticky":false,"template":"","format":"standard","meta":{"_genesis_hide_title":false,"_genesis_hide_breadcrumbs":false,"_genesis_hide_singular_image":false,"_genesis_hide_footer_widgets":false,"_genesis_custom_body_class":"","_genesis_custom_post_class":"","_genesis_layout":""},"categories":[16],"tags":[],"_links":{"self":[{"href":"https:\/\/cpablitas.educacion.navarra.es\/web\/wp-json\/wp\/v2\/posts\/5038"}],"collection":[{"href":"https:\/\/cpablitas.educacion.navarra.es\/web\/wp-json\/wp\/v2\/posts"}],"about":[{"href":"https:\/\/cpablitas.educacion.navarra.es\/web\/wp-json\/wp\/v2\/types\/post"}],"author":[{"embeddable":true,"href":"https:\/\/cpablitas.educacion.navarra.es\/web\/wp-json\/wp\/v2\/users\/6"}],"replies":[{"embeddable":true,"href":"https:\/\/cpablitas.educacion.navarra.es\/web\/wp-json\/wp\/v2\/comments?post=5038"}],"version-history":[{"count":0,"href":"https:\/\/cpablitas.educacion.navarra.es\/web\/wp-json\/wp\/v2\/posts\/5038\/revisions"}],"wp:attachment":[{"href":"https:\/\/cpablitas.educacion.navarra.es\/web\/wp-json\/wp\/v2\/media?parent=5038"}],"wp:term":[{"taxonomy":"category","embeddable":true,"href":"https:\/\/cpablitas.educacion.navarra.es\/web\/wp-json\/wp\/v2\/categories?post=5038"},{"taxonomy":"post_tag","embeddable":true,"href":"https:\/\/cpablitas.educacion.navarra.es\/web\/wp-json\/wp\/v2\/tags?post=5038"}],"curies":[{"name":"wp","href":"https:\/\/api.w.org\/{rel}","templated":true}]}}