{"id":5793,"date":"2014-09-19T17:00:18","date_gmt":"2014-09-19T15:00:18","guid":{"rendered":"http:\/\/cpablitas.educacion.navarra.es\/blog\/?p=5793"},"modified":"2014-09-19T17:00:18","modified_gmt":"2014-09-19T15:00:18","slug":"reuniones-con-las-familias","status":"publish","type":"post","link":"https:\/\/cpablitas.educacion.navarra.es\/web\/blog\/2014\/09\/19\/reuniones-con-las-familias\/","title":{"rendered":"REUNIONES CON LAS FAMILIAS"},"content":{"rendered":"<p style=\"text-align: justify\">Como cada curso escolar, la <strong>\u00faltima semana de septiembre<\/strong> se realizan las <span style=\"color: #000080\"><strong>reuniones generales con las familias<\/strong><\/span> donde se comentan los <span style=\"text-decoration: underline\">aspectos m\u00e1s relevantes del nivel<\/span> en que se encuentran sus hij@s.<\/p>\n<p style=\"text-align: justify\">Por eso es muy importante la <strong><span style=\"color: #000080\">asistencia de padres, madres u otros familiares<\/span><\/strong> que, de esta manera, tendr\u00e1n informaci\u00f3n por parte del tutor y otros profesores y podr\u00e1n resolver las dudas que tengan.<\/p>\n<p style=\"text-align: justify\"><span style=\"text-decoration: underline\">Estos son los d\u00edas y horas de cada ciclo<\/span>:<\/p>\n<p style=\"text-align: justify\">\n<div id=\"_mcePaste\" style=\"width: 1px;height: 1px;overflow: hidden\">23 de septiembre EI<\/div>\n<div id=\"_mcePaste\" style=\"width: 1px;height: 1px;overflow: hidden\">&#8211; 22 de septiembre 1o Ciclo.<\/div>\n<div id=\"_mcePaste\" style=\"width: 1px;height: 1px;overflow: hidden\">&#8211; 25 de septiembre 2o Ciclo.<\/div>\n<div id=\"_mcePaste\" style=\"width: 1px;height: 1px;overflow: hidden\">&#8211; 26 de septiembre 3o Ciclo.<\/div>\n<ul>\n<li><span style=\"font-size: 13px\"><strong>Lunes 22<\/strong> de septiembre: <strong>Primer Ciclo<\/strong> (1\u00ba y 2\u00ba de EP)<\/span><\/li>\n<li><span style=\"font-size: 13px\"><strong>Martes 23<\/strong> de septiembre: <strong>Educaci\u00f3n Infantil<\/strong> (Los 3 niveles)<\/span><\/li>\n<li><span style=\"font-size: 13px\"><strong>Jueves 25<\/strong> de septiembre: <strong>Segundo Ciclo<\/strong> (3\u00ba y 4\u00ba de EP)<\/span><\/li>\n<li><strong>Viernes 26<\/strong> de septiembre: <strong>Tercer Ciclo<\/strong> (5\u00ba y 6\u00ba de EP)<\/li>\n<\/ul>\n<p>No obstante, <strong>se informar\u00e1 de la hora y lugar de celebraci\u00f3n de cada reuni\u00f3n<\/strong>.<\/p>\n<p style=\"text-align: center\"><img src=\"http:\/\/spapostolceip.files.wordpress.com\/2014\/02\/reunion-padres.png?w=640\" alt=\"\" \/><\/p>\n<p style=\"text-align: center\"><span style=\"color: #003300\"><strong>\u00a1\u00a1\u00a1 ACUDE A LA REU<\/strong><strong>NI\u00d3N !!!<\/strong><\/span><\/p>\n<p style=\"text-align: center\"><span style=\"color: #800000\"><strong><span style=\"color: #003300\">\u00a1\u00a1\u00a1 LA ESCUELA SOMOS TOD@S !!!<\/span><\/strong><\/span><\/p>\n<p style=\"text-align: left\">&#8230;<\/p>\n<p style=\"text-align: left\">Tablitas Reunido<\/p>\n","protected":false},"excerpt":{"rendered":"<p>Como cada curso escolar, la \u00faltima semana de septiembre se realizan las reuniones generales con las familias donde se comentan los aspectos m\u00e1s relevantes del nivel en que se encuentran sus hij@s. Por eso es muy importante la asistencia de padres, madres u otros familiares que, de esta manera, tendr\u00e1n informaci\u00f3n por parte del tutor [&hellip;]<\/p>\n","protected":false},"author":6,"featured_media":0,"comment_status":"open","ping_status":"open","sticky":false,"template":"","format":"standard","meta":{"_genesis_hide_title":false,"_genesis_hide_breadcrumbs":false,"_genesis_hide_singular_image":false,"_genesis_hide_footer_widgets":false,"_genesis_custom_body_class":"","_genesis_custom_post_class":"","_genesis_layout":""},"categories":[16],"tags":[],"_links":{"self":[{"href":"https:\/\/cpablitas.educacion.navarra.es\/web\/wp-json\/wp\/v2\/posts\/5793"}],"collection":[{"href":"https:\/\/cpablitas.educacion.navarra.es\/web\/wp-json\/wp\/v2\/posts"}],"about":[{"href":"https:\/\/cpablitas.educacion.navarra.es\/web\/wp-json\/wp\/v2\/types\/post"}],"author":[{"embeddable":true,"href":"https:\/\/cpablitas.educacion.navarra.es\/web\/wp-json\/wp\/v2\/users\/6"}],"replies":[{"embeddable":true,"href":"https:\/\/cpablitas.educacion.navarra.es\/web\/wp-json\/wp\/v2\/comments?post=5793"}],"version-history":[{"count":0,"href":"https:\/\/cpablitas.educacion.navarra.es\/web\/wp-json\/wp\/v2\/posts\/5793\/revisions"}],"wp:attachment":[{"href":"https:\/\/cpablitas.educacion.navarra.es\/web\/wp-json\/wp\/v2\/media?parent=5793"}],"wp:term":[{"taxonomy":"category","embeddable":true,"href":"https:\/\/cpablitas.educacion.navarra.es\/web\/wp-json\/wp\/v2\/categories?post=5793"},{"taxonomy":"post_tag","embeddable":true,"href":"https:\/\/cpablitas.educacion.navarra.es\/web\/wp-json\/wp\/v2\/tags?post=5793"}],"curies":[{"name":"wp","href":"https:\/\/api.w.org\/{rel}","templated":true}]}}