{"id":5951,"date":"2014-11-24T00:00:56","date_gmt":"2014-11-23T23:00:56","guid":{"rendered":"http:\/\/cpablitas.educacion.navarra.es\/blog\/?p=5951"},"modified":"2015-02-28T23:00:50","modified_gmt":"2015-02-28T22:00:50","slug":"ex-alumnos-excelentes","status":"publish","type":"post","link":"https:\/\/cpablitas.educacion.navarra.es\/web\/blog\/2014\/11\/24\/ex-alumnos-excelentes\/","title":{"rendered":"\u00a1\u00a1\u00a1 EX ALUMNOS EXCELENTES !!!"},"content":{"rendered":"<p>Hoy, <strong>nos llena de orgullo y satisfacci\u00f3n<\/strong> (como dir\u00eda el Rey Juan Carlos I), mostrar en este art\u00edculo la actualidad de <strong><span style=\"color: #0000ff\">dos ex alumnos del colegio<\/span><\/strong> que est\u00e1n consiguiendo <strong>buenos resultados en sus diferentes disciplinas<\/strong>.<\/p>\n<p style=\"text-align: justify\">Por un lado, <strong><span style=\"color: #0000ff\">Julen Arellano Sand\u00faa<\/span><\/strong>, al que ya hemos dedicado en m\u00e1s de una ocasi\u00f3n art\u00edculos en este blog por su progresi\u00f3n deportiva. Esta vez es noticia porque <strong><span style=\"font-family: Arial, Helvetica, sans-serif;font-size: 14px;line-height: 23.0399990081787px\">ha sido incluido entre los 40 futbolistas j\u00f3venes m\u00e1s prometedores de la generaci\u00f3n de 1997, seg\u00fan el peri\u00f3dico ingl\u00e9s <\/span><em>The Guardian<\/em><\/strong><span style=\"font-family: Arial, Helvetica, sans-serif;font-size: 14px;line-height: 23.0399990081787px\">. <\/span><\/p>\n<p style=\"text-align: center\"><a href=\"http:\/\/cpablitas.educacion.navarra.es\/web\/wp-content\/uploads\/2014\/11\/Julen-Arellano-Sand\u00faa.jpg\"><img loading=\"lazy\" class=\"aligncenter size-medium wp-image-5960\" title=\"Julen Arellano Sand\u00faa\" src=\"http:\/\/cpablitas.educacion.navarra.es\/web\/wp-content\/uploads\/2014\/11\/Julen-Arellano-Sand\u00faa-300x168.jpg\" alt=\"Julen Arellano Sand\u00faa\" width=\"300\" height=\"168\" \/><\/a><\/p>\n<p style=\"text-align: left\"><span style=\"font-family: Arial, Helvetica, sans-serif;font-size: 14px;line-height: 23.0399990081787px\">Si quieres leer el art\u00edculo publicado en el Diario Noticias de Navarra, haz <a href=\"http:\/\/www.noticiasdenavarra.com\/2014\/11\/21\/deportes\/futbol\/situan-a-julen-arellano-entre-los-40-mejores-del-ano-97\">clic aqu\u00ed<\/a>.<\/span><\/p>\n<p style=\"text-align: left\">&#8230;<\/p>\n<p style=\"text-align: justify\">Por otro lado, <strong><span style=\"color: #0000ff\">V\u00edctor Ant\u00f3n Modrego<\/span><\/strong>, que obtuvo<strong> la mejor calificaci\u00f3n de Navarra en las \u00faltimas pruebas de la selectividad<\/strong> y una de las mejores de Espa\u00f1a, por lo que <span style=\"font-family: Arial, Verdana, Tahoma, sans-serif;font-size: 14px;line-height: 20px\">intervendr\u00e1 en la <strong>pr\u00f3xima edici\u00f3n del programa Millennium de TVE<\/strong>, que, con el t\u00edtulo<\/span><strong> &#8216;Brillante porvenir&#8217;<\/strong><span style=\"font-family: Arial, Verdana, Tahoma, sans-serif;font-size: 14px;line-height: 20px\">, estar\u00e1 dedicado a <span style=\"text-decoration: underline\">la excelencia educativa<\/span>.<\/span><\/p>\n<p style=\"text-align: center\"><a><img loading=\"lazy\" class=\"aligncenter size-medium wp-image-5961\" title=\"V\u00edctor Ant\u00f3n Modrego\" src=\"http:\/\/cpablitas.educacion.navarra.es\/web\/wp-content\/uploads\/2014\/11\/V\u00edctor-Ant\u00f3n-Modrego-300x188.jpg\" alt=\"V\u00edctor Ant\u00f3n Modrego\" width=\"300\" height=\"188\" \/><\/a><\/p>\n<p style=\"text-align: justify\"><span style=\"font-family: Arial, Verdana, Tahoma, sans-serif;font-size: 14px;line-height: 20px\"><span style=\"font-family: Arial, Helvetica, sans-serif;font-size: 14px;line-height: 23.0399990081787px\">Si quieres leer el art\u00edculo publicado en el Diario de Navarra, haz <a href=\"http:\/\/www.diariodenavarra.es\/noticias\/navarra\/mas_navarra\/2014\/11\/21\/el_alumno_navarro_victor_anton_intervendra_millennium_tve_184563_2061.html\">clic aqu\u00ed<\/a>.<\/span><\/span><\/p>\n<p style=\"text-align: justify\"><span style=\"font-family: Arial, Verdana, Tahoma, sans-serif;font-size: 14px;line-height: 20px\"><span style=\"font-family: Arial, Helvetica, sans-serif;font-size: 14px;line-height: 23.0399990081787px\"> <\/span><\/span><span style=\"font-family: Arial, Helvetica, sans-serif;font-size: 14px;line-height: 23.0399990081787px\">&#8230;<\/span><\/p>\n<p style=\"text-align: justify\"><span style=\"font-family: Arial, Helvetica, sans-serif\"><span style=\"font-size: 14px;line-height: 23.0399990081787px\"><strong>Invitamos a tod@s los ex alumn@s del colegio \u00abSan Babil\u00bb de Ablitas a contarnos c\u00f3mo les va en sus respectivas disciplinas y animamos a los que hoy forman parte de \u00e9l a esforzarse por conseguir sus metas.<\/strong><\/span><\/span><\/p>\n<p style=\"text-align: justify\"><span style=\"font-family: Arial, Helvetica, sans-serif\"><span style=\"font-size: 14px;line-height: 23.0399990081787px\">&#8230;<\/span><\/span><\/p>\n<h1><span style=\"font-family: Arial, Helvetica, sans-serif\"><span style=\"font-size: 14px;line-height: 23.0399990081787px\"> <\/span><\/span><span style=\"font-weight: bold;color: #0000ff;font-size: 14px;line-height: 23.0399990081787px;text-align: center\">\u00a1\u00a1\u00a1 ENHORABUENA A JULEN Y A V\u00cdCTOR !!!<\/span><\/h1>\n<p style=\"text-align: left\"><span style=\"font-family: Arial, Helvetica, sans-serif\"><span style=\"font-size: 14px;line-height: 23.0399990081787px\">&#8230;<\/span><\/span><\/p>\n<p style=\"text-align: left\"><span style=\"font-family: Arial, Helvetica, sans-serif\"><span style=\"font-size: 14px;line-height: 23.0399990081787px\">Tablitas Orgulloso<\/span><\/span><\/p>\n<p style=\"text-align: left\"><span style=\"font-family: Arial, Helvetica, sans-serif;font-size: 14px;line-height: 23.0399990081787px\"> <\/span><\/p>\n","protected":false},"excerpt":{"rendered":"<p>Hoy, nos llena de orgullo y satisfacci\u00f3n (como dir\u00eda el Rey Juan Carlos I), mostrar en este art\u00edculo la actualidad de dos ex alumnos del colegio que est\u00e1n consiguiendo buenos resultados en sus diferentes disciplinas. Por un lado, Julen Arellano Sand\u00faa, al que ya hemos dedicado en m\u00e1s de una ocasi\u00f3n art\u00edculos en este blog [&hellip;]<\/p>\n","protected":false},"author":6,"featured_media":0,"comment_status":"open","ping_status":"open","sticky":false,"template":"","format":"standard","meta":{"_genesis_hide_title":false,"_genesis_hide_breadcrumbs":false,"_genesis_hide_singular_image":false,"_genesis_hide_footer_widgets":false,"_genesis_custom_body_class":"","_genesis_custom_post_class":"","_genesis_layout":""},"categories":[16],"tags":[],"_links":{"self":[{"href":"https:\/\/cpablitas.educacion.navarra.es\/web\/wp-json\/wp\/v2\/posts\/5951"}],"collection":[{"href":"https:\/\/cpablitas.educacion.navarra.es\/web\/wp-json\/wp\/v2\/posts"}],"about":[{"href":"https:\/\/cpablitas.educacion.navarra.es\/web\/wp-json\/wp\/v2\/types\/post"}],"author":[{"embeddable":true,"href":"https:\/\/cpablitas.educacion.navarra.es\/web\/wp-json\/wp\/v2\/users\/6"}],"replies":[{"embeddable":true,"href":"https:\/\/cpablitas.educacion.navarra.es\/web\/wp-json\/wp\/v2\/comments?post=5951"}],"version-history":[{"count":1,"href":"https:\/\/cpablitas.educacion.navarra.es\/web\/wp-json\/wp\/v2\/posts\/5951\/revisions"}],"predecessor-version":[{"id":6819,"href":"https:\/\/cpablitas.educacion.navarra.es\/web\/wp-json\/wp\/v2\/posts\/5951\/revisions\/6819"}],"wp:attachment":[{"href":"https:\/\/cpablitas.educacion.navarra.es\/web\/wp-json\/wp\/v2\/media?parent=5951"}],"wp:term":[{"taxonomy":"category","embeddable":true,"href":"https:\/\/cpablitas.educacion.navarra.es\/web\/wp-json\/wp\/v2\/categories?post=5951"},{"taxonomy":"post_tag","embeddable":true,"href":"https:\/\/cpablitas.educacion.navarra.es\/web\/wp-json\/wp\/v2\/tags?post=5951"}],"curies":[{"name":"wp","href":"https:\/\/api.w.org\/{rel}","templated":true}]}}