{"id":5986,"date":"2014-12-08T00:00:50","date_gmt":"2014-12-07T23:00:50","guid":{"rendered":"http:\/\/cpablitas.educacion.navarra.es\/blog\/?p=5986"},"modified":"2014-12-08T00:00:50","modified_gmt":"2014-12-07T23:00:50","slug":"ii-concurso-de-dibujo-infantil","status":"publish","type":"post","link":"https:\/\/cpablitas.educacion.navarra.es\/web\/blog\/2014\/12\/08\/ii-concurso-de-dibujo-infantil\/","title":{"rendered":"II CONCURSO DE DIBUJO INFANTIL"},"content":{"rendered":"<div id=\"_mcePaste\" style=\"width: 1px;height: 1px;overflow: hidden\">II CONCURSO DE DIBUJO INFANTIL<\/div>\n<div id=\"_mcePaste\" style=\"width: 1px;height: 1px;overflow: hidden\">\u201cCOMO COLABORO CON MI FAMILIA EN<\/div>\n<div id=\"_mcePaste\" style=\"width: 1px;height: 1px;overflow: hidden\">NAVIDAD\u201d<\/div>\n<div id=\"_mcePaste\" style=\"width: 1px;height: 1px;overflow: hidden\">La Concejal\u00eda de Igualdad presenta, en cumplimiento del I Plan de Igualdad<\/div>\n<div id=\"_mcePaste\" style=\"width: 1px;height: 1px;overflow: hidden\">de Oportunidades entre mujeres y hombres de Ablitas, dentro del \u00e1rea de<\/div>\n<div id=\"_mcePaste\" style=\"width: 1px;height: 1px;overflow: hidden\">sensibilizaci\u00f3n e informaci\u00f3n, esta actuaci\u00f3n con el objetivo de sensibilizar<\/div>\n<div id=\"_mcePaste\" style=\"width: 1px;height: 1px;overflow: hidden\">sobre el principio de igualdad y coeducaci\u00f3n (educar desde la igualdad de<\/div>\n<div id=\"_mcePaste\" style=\"width: 1px;height: 1px;overflow: hidden\">valores de las personas) dirigido a los\/as ni\u00f1os\/as ni\u00f1as de Ablitas con el fin<\/div>\n<div id=\"_mcePaste\" style=\"width: 1px;height: 1px;overflow: hidden\">de difundir los valores de igualdad entre las personas y el reparto de tareas y<\/div>\n<div id=\"_mcePaste\" style=\"width: 1px;height: 1px;overflow: hidden\">responsabilidades.<\/div>\n<div id=\"_mcePaste\" style=\"width: 1px;height: 1px;overflow: hidden\">El tema girar\u00e1 en torno a la igualdad de oportunidades entre mujeres y<\/div>\n<div id=\"_mcePaste\" style=\"width: 1px;height: 1px;overflow: hidden\">hombres y\/o la coeducaci\u00f3n adem\u00e1s de las relaciones de respeto e igualdad<\/div>\n<div id=\"_mcePaste\" style=\"width: 1px;height: 1px;overflow: hidden\">entre ni\u00f1os y ni\u00f1as y dentro de un marco apropiado y actual como es la<\/div>\n<div id=\"_mcePaste\" style=\"width: 1px;height: 1px;overflow: hidden\">Navidad, un tiempo en el que se producen ciertos cambios y que conlleva<\/div>\n<div id=\"_mcePaste\" style=\"width: 1px;height: 1px;overflow: hidden\">ciertos preparativos que sin duda, se deber\u00edan hacer en familia y con la<\/div>\n<div id=\"_mcePaste\" style=\"width: 1px;height: 1px;overflow: hidden\">colaboraci\u00f3n de todas las personas que componen la misma.<\/div>\n<div id=\"_mcePaste\" style=\"width: 1px;height: 1px;overflow: hidden\">BASES<\/div>\n<div id=\"_mcePaste\" style=\"width: 1px;height: 1px;overflow: hidden\">Tema: Como colaboro con mi familia en Navidad<\/div>\n<div id=\"_mcePaste\" style=\"width: 1px;height: 1px;overflow: hidden\">Los dibujos que no incluyan el tema de la igualdad y\/o la coeducaci\u00f3n ser\u00e1n<\/div>\n<div id=\"_mcePaste\" style=\"width: 1px;height: 1px;overflow: hidden\">eliminados.<\/div>\n<div id=\"_mcePaste\" style=\"width: 1px;height: 1px;overflow: hidden\">Criterios de selecci\u00f3n:<\/div>\n<div id=\"_mcePaste\" style=\"width: 1px;height: 1px;overflow: hidden\">\u2022 Relaci\u00f3n con el tema del concurso.<\/div>\n<div id=\"_mcePaste\" style=\"width: 1px;height: 1px;overflow: hidden\">\u2022 Originalidad<\/div>\n<div id=\"_mcePaste\" style=\"width: 1px;height: 1px;overflow: hidden\">\u2022 Que los trabajos transmitan mensajes y valores positivos respecto a la<\/div>\n<div id=\"_mcePaste\" style=\"width: 1px;height: 1px;overflow: hidden\">igualdad y la coeducaci\u00f3n.<\/div>\n<div id=\"_mcePaste\" style=\"width: 1px;height: 1px;overflow: hidden\">1a.- Podr\u00e1n participar todos los ni\u00f1os y las ni\u00f1as entre 3 y 12 a\u00f1os, divididos<\/div>\n<div id=\"_mcePaste\" style=\"width: 1px;height: 1px;overflow: hidden\">en cuatro categor\u00edas:<\/div>\n<div id=\"_mcePaste\" style=\"width: 1px;height: 1px;overflow: hidden\">\u2022 la primera, de 1o a 3o de Educaci\u00f3n Infantil<\/div>\n<div id=\"_mcePaste\" style=\"width: 1px;height: 1px;overflow: hidden\">\u2022 la segunda de 1o a 2o de Primaria<\/div>\n<div id=\"_mcePaste\" style=\"width: 1px;height: 1px;overflow: hidden\">\u2022 la tercera de 3o a 4o de Primaria<\/div>\n<div id=\"_mcePaste\" style=\"width: 1px;height: 1px;overflow: hidden\">\u2022 la cuarta de 5o a 6o de Primaria.<\/div>\n<div id=\"_mcePaste\" style=\"width: 1px;height: 1px;overflow: hidden\">Cada participante podr\u00e1 presentar un dibujo tama\u00f1o folio (A4).<\/div>\n<div id=\"_mcePaste\" style=\"width: 1px;height: 1px;overflow: hidden\">2a.-. Los dibujos presentados no llevar\u00e1n ning\u00fan nombre o se\u00f1al visible que<\/div>\n<div id=\"_mcePaste\" style=\"width: 1px;height: 1px;overflow: hidden\">pueda identificar a su autor\/a<\/div>\n<div id=\"_mcePaste\" style=\"width: 1px;height: 1px;overflow: hidden\">3a.- Para que las obras sean an\u00f3nimas, se presentar\u00e1n en sobre cerrado,<\/div>\n<div id=\"_mcePaste\" style=\"width: 1px;height: 1px;overflow: hidden\">con los datos en el interior. Se preparar\u00e1n de la siguiente forma:<\/div>\n<div id=\"_mcePaste\" style=\"width: 1px;height: 1px;overflow: hidden\">*En el reverso de cada trabajo figurara un lema o t\u00edtulo del dibujo, (nunca<\/div>\n<div id=\"_mcePaste\" style=\"width: 1px;height: 1px;overflow: hidden\">ser\u00e1 el nombre del ni\u00f1o o de la ni\u00f1a).<\/div>\n<div id=\"_mcePaste\" style=\"width: 1px;height: 1px;overflow: hidden\">*Un sobre grande donde figurar\u00e1 el curso, (y si es de Infantil o Primaria),<\/div>\n<div id=\"_mcePaste\" style=\"width: 1px;height: 1px;overflow: hidden\">del ni\u00f1o o la ni\u00f1a que participa, en el cual introduciremos el dibujo.<\/div>\n<div id=\"_mcePaste\" style=\"width: 1px;height: 1px;overflow: hidden\">*Un sobre peque\u00f1o, en el que introduciremos los datos del ni\u00f1o\/a<\/div>\n<div id=\"_mcePaste\" style=\"width: 1px;height: 1px;overflow: hidden\">(nombre, dos apellidos y tel\u00e9fono)<\/div>\n<div id=\"_mcePaste\" style=\"width: 1px;height: 1px;overflow: hidden\">*Cerraremos el sobre grande que contendr\u00e1, el dibujo y el sobre<\/div>\n<div id=\"_mcePaste\" style=\"width: 1px;height: 1px;overflow: hidden\">peque\u00f1o, cerrado, con los datos.<\/div>\n<div id=\"_mcePaste\" style=\"width: 1px;height: 1px;overflow: hidden\">4a.- El motivo de los dibujos deber\u00e1 estar basado en el tema \u00abComo<\/div>\n<div id=\"_mcePaste\" style=\"width: 1px;height: 1px;overflow: hidden\">colaboro con mi familia en Navidad\u00bb.<\/div>\n<div id=\"_mcePaste\" style=\"width: 1px;height: 1px;overflow: hidden\">5a.- Los dibujos ser\u00e1n entregados el d\u00eda 18 de diciembre en la Conserjer\u00eda<\/div>\n<div id=\"_mcePaste\" style=\"width: 1px;height: 1px;overflow: hidden\">del Colegio.<\/div>\n<div id=\"_mcePaste\" style=\"width: 1px;height: 1px;overflow: hidden\">6a.- El Jurado estar\u00e1 compuesto por personas del II Pacto Local por la<\/div>\n<div id=\"_mcePaste\" style=\"width: 1px;height: 1px;overflow: hidden\">Conciliaci\u00f3n de Ablitas<\/div>\n<div id=\"_mcePaste\" style=\"width: 1px;height: 1px;overflow: hidden\">7a.- Habr\u00e1 un premio por categor\u00eda y estar\u00e1 compuesto por material<\/div>\n<div id=\"_mcePaste\" style=\"width: 1px;height: 1px;overflow: hidden\">coeducativo y de dibujo.<\/div>\n<div id=\"_mcePaste\" style=\"width: 1px;height: 1px;overflow: hidden\">8a.- La exposici\u00f3n de las obras se efectuar\u00e1 en enero en la Casa de Cultura.<\/div>\n<div id=\"_mcePaste\" style=\"width: 1px;height: 1px;overflow: hidden\">9a.-. La organizaci\u00f3n no se responsabiliza de los posibles desperfectos que<\/div>\n<div id=\"_mcePaste\" style=\"width: 1px;height: 1px;overflow: hidden\">el p\u00fablico realice sobre los dibujos. Los dibujos premiados quedar\u00e1n en<\/div>\n<div id=\"_mcePaste\" style=\"width: 1px;height: 1px;overflow: hidden\">propiedad del Ayuntamiento de Ablitas que podr\u00e1 reproducirlo libremente,<\/div>\n<div id=\"_mcePaste\" style=\"width: 1px;height: 1px;overflow: hidden\">sin que tal reproducci\u00f3n devengue derecho alguno.<\/div>\n<div id=\"_mcePaste\" style=\"width: 1px;height: 1px;overflow: hidden\">11a.- Cualquier asunto no contemplado en las presentes bases o la<\/div>\n<div id=\"_mcePaste\" style=\"width: 1px;height: 1px;overflow: hidden\">interpretaci\u00f3n de las mismas se reserva a la decisi\u00f3n inapelable del jurado.<\/div>\n<div id=\"_mcePaste\" style=\"width: 1px;height: 1px;overflow: hidden\">12a.- La participaci\u00f3n en el concurso implica la aceptaci\u00f3n de las bases.<\/div>\n<div id=\"_mcePaste\" style=\"width: 1px;height: 1px;overflow: hidden\">Subvenciona: Instituto Navarro para la Familia e Igualdad Organiza: Ayuntamiento de Ablitas<\/div>\n<div id=\"_mcePaste\" style=\"width: 1px;height: 1px;overflow: hidden\">Concejal\u00eda de Igualdad<\/div>\n<div id=\"_mcePaste\" style=\"width: 1px;height: 1px;overflow: hidden\">Colabora: Entidades firmantes del<\/div>\n<div id=\"_mcePaste\" style=\"width: 1px;height: 1px;overflow: hidden\">PLxC.<\/div>\n<p>\u201c<strong>C\u00d3MO COLABORO CON MI FAMILIA EN NAVIDAD<\/strong>\u201d<\/p>\n<p style=\"text-align: justify\">La Concejal\u00eda de Igualdad presenta, en cumplimiento del I Plan de Igualdad de Oportunidades entre mujeres y hombres de Ablitas, dentro del \u00e1rea de sensibilizaci\u00f3n e informaci\u00f3n, esta actuaci\u00f3n con el objetivo de sensibilizar sobre el principio de igualdad y coeducaci\u00f3n (educar desde la igualdad de valores de las personas) dirigido a los\/as ni\u00f1os\/as ni\u00f1as de Ablitas con el fin de difundir los valores de igualdad entre las personas y el reparto de tareas y responsabilidades.<\/p>\n<p style=\"text-align: justify\">El tema girar\u00e1 en torno a la igualdad de oportunidades entre mujeres y hombres y\/o la coeducaci\u00f3n adem\u00e1s de las relaciones de respeto e igualdad entre ni\u00f1os y ni\u00f1as y dentro de un marco apropiado y actual como es la Navidad, un tiempo en el que se producen ciertos cambios y que conlleva ciertos preparativos que sin duda, se deber\u00edan hacer en familia y con la colaboraci\u00f3n de todas las personas que componen la misma.<\/p>\n<p><a href=\"http:\/\/cpablitas.educacion.navarra.es\/web\/wp-content\/uploads\/2014\/12\/BASES-CONCURSO-DIBUJO.doc\">BASES CONCURSO DIBUJO<\/a><\/p>\n<h2 style=\"text-align: center\"><strong><span style=\"color: #800000\">\u00a1\u00a1\u00a1 A DIBUJAR !!!<\/span><\/strong><\/h2>\n<p><span style=\"color: #000000\">&#8230;<\/span><\/p>\n<p><span style=\"color: #000000\">Tablitas Conciliador<\/span><\/p>\n","protected":false},"excerpt":{"rendered":"<p>II CONCURSO DE DIBUJO INFANTIL \u201cCOMO COLABORO CON MI FAMILIA EN NAVIDAD\u201d La Concejal\u00eda de Igualdad presenta, en cumplimiento del I Plan de Igualdad de Oportunidades entre mujeres y hombres de Ablitas, dentro del \u00e1rea de sensibilizaci\u00f3n e informaci\u00f3n, esta actuaci\u00f3n con el objetivo de sensibilizar sobre el principio de igualdad y coeducaci\u00f3n (educar desde [&hellip;]<\/p>\n","protected":false},"author":6,"featured_media":0,"comment_status":"open","ping_status":"open","sticky":false,"template":"","format":"standard","meta":{"_genesis_hide_title":false,"_genesis_hide_breadcrumbs":false,"_genesis_hide_singular_image":false,"_genesis_hide_footer_widgets":false,"_genesis_custom_body_class":"","_genesis_custom_post_class":"","_genesis_layout":""},"categories":[16],"tags":[],"_links":{"self":[{"href":"https:\/\/cpablitas.educacion.navarra.es\/web\/wp-json\/wp\/v2\/posts\/5986"}],"collection":[{"href":"https:\/\/cpablitas.educacion.navarra.es\/web\/wp-json\/wp\/v2\/posts"}],"about":[{"href":"https:\/\/cpablitas.educacion.navarra.es\/web\/wp-json\/wp\/v2\/types\/post"}],"author":[{"embeddable":true,"href":"https:\/\/cpablitas.educacion.navarra.es\/web\/wp-json\/wp\/v2\/users\/6"}],"replies":[{"embeddable":true,"href":"https:\/\/cpablitas.educacion.navarra.es\/web\/wp-json\/wp\/v2\/comments?post=5986"}],"version-history":[{"count":0,"href":"https:\/\/cpablitas.educacion.navarra.es\/web\/wp-json\/wp\/v2\/posts\/5986\/revisions"}],"wp:attachment":[{"href":"https:\/\/cpablitas.educacion.navarra.es\/web\/wp-json\/wp\/v2\/media?parent=5986"}],"wp:term":[{"taxonomy":"category","embeddable":true,"href":"https:\/\/cpablitas.educacion.navarra.es\/web\/wp-json\/wp\/v2\/categories?post=5986"},{"taxonomy":"post_tag","embeddable":true,"href":"https:\/\/cpablitas.educacion.navarra.es\/web\/wp-json\/wp\/v2\/tags?post=5986"}],"curies":[{"name":"wp","href":"https:\/\/api.w.org\/{rel}","templated":true}]}}