{"id":7430,"date":"2015-10-11T15:05:27","date_gmt":"2015-10-11T13:05:27","guid":{"rendered":"http:\/\/cpablitas.educacion.navarra.es\/web\/?p=7430"},"modified":"2015-10-11T15:05:27","modified_gmt":"2015-10-11T13:05:27","slug":"nuevos-proyectos-etwinning","status":"publish","type":"post","link":"https:\/\/cpablitas.educacion.navarra.es\/web\/blog\/2015\/10\/11\/nuevos-proyectos-etwinning\/","title":{"rendered":"Nuevos proyectos eTwinning"},"content":{"rendered":"<p style=\"text-align: justify;\">Ya hemos iniciado dos nuevos<span style=\"color: #0000ff;\"><strong> proyectos eTwinning<\/strong><\/span> en el <span style=\"color: #800080;\"><strong>Tercer Ciclo de Educaci\u00f3n Primaria<\/strong><\/span>.<\/p>\n<p style=\"text-align: justify;\"><span style=\"text-decoration: underline;\">Puedes visitarlos a trav\u00e9s de los enlaces que hay en el men\u00fa superio<\/span>r: <span style=\"color: #003300;\"><strong><a style=\"color: #003300;\" href=\"http:\/\/cpablitas.educacion.navarra.es\/web\/etwinning\/\" target=\"_blank\">eTwinning<\/a><\/strong><\/span>.<\/p>\n<p style=\"text-align: justify;\">El primero de ellos, \u00ab<span style=\"color: #0000ff;\"><a style=\"color: #0000ff;\" href=\"https:\/\/twinspace.etwinning.net\/10107\/home\" target=\"_blank\">EL LABERINTO DE LAS PALABRAS<\/a><\/span>\u00ab,\u00a0est\u00e1 dise\u00f1ado para trabajar la competencia ling\u00fc\u00cdstica en espa\u00f1ol a trav\u00e9s del juego. Cuatro equipos de nacionalidades mixtas deben recorrer \u00abel laberinto de palabras\u00bb para poder llegar al objetivo final, el cofre de la palabras. En el recorrido se van a encontrar varias tareas a realizar para poder continuar el camino. Es necesario que todos los equipos lleguen hasta el cofre para poder abrirlo y descubrir lo que all\u00ed se encuentra&#8230;<\/p>\n<p style=\"text-align: justify;\">Participa todo el <span style=\"color: #800080;\"><strong>alumnado de 5\u00ba y 6\u00ba de EP<\/strong><\/span> dentro del <strong>\u00e1rea de Lengua Espa\u00f1ola<\/strong>, junto a alumnado de <span style=\"color: #003300;\"><strong>Inglaterra, Francia, Italia y Turqu\u00eda<\/strong><\/span>.<\/p>\n<p style=\"text-align: center;\"><a href=\"http:\/\/cpablitas.educacion.navarra.es\/web\/wp-content\/uploads\/2015\/10\/LOGO-LABERINTO.png\"><img loading=\"lazy\" class=\"alignnone size-medium wp-image-7431\" src=\"http:\/\/cpablitas.educacion.navarra.es\/web\/wp-content\/uploads\/2015\/10\/LOGO-LABERINTO-300x205.png\" alt=\"LOGO LABERINTO\" width=\"300\" height=\"205\" \/><\/a><\/p>\n<p style=\"text-align: justify;\">El segundo, \u00ab<span style=\"color: #0000ff;\"><a style=\"color: #0000ff;\" href=\"https:\/\/twinspace.etwinning.net\/10740\/home\" target=\"_blank\">WE ARE NOT SO DIFFERENT<\/a><\/span>\u00ab, est\u00e1 dise\u00f1ado para comprobar c\u00f3mo viviendo en distintos pa\u00edses, yendo a distintas escuelas y conviviendo con distintas personas, <strong>NO SOMOS TAN DIFERENTES<\/strong>.<\/p>\n<p style=\"text-align: justify;\">Participa el alumnado del <span style=\"color: #800080;\"><strong>\u00e1rea de Valores C\u00edvicos y Sociales de 5\u00ba de EP<\/strong><\/span>, junto a alumnado de <span style=\"color: #003300;\"><strong>Polonia, Turqu\u00eda y Holanda<\/strong><\/span>.<\/p>\n<p style=\"text-align: center;\"><a href=\"http:\/\/cpablitas.educacion.navarra.es\/web\/wp-content\/uploads\/2015\/10\/prelogo.jpg\"><img loading=\"lazy\" class=\"alignnone size-medium wp-image-7432\" src=\"http:\/\/cpablitas.educacion.navarra.es\/web\/wp-content\/uploads\/2015\/10\/prelogo-300x225.jpg\" alt=\"prelogo\" width=\"300\" height=\"225\" \/><\/a><\/p>\n<p style=\"text-align: justify;\">Visita el\u00a0<strong>TWINSPACE<\/strong> de cada proyecto para que veas las actividades que realizamos.<\/p>\n<p style=\"text-align: center;\"><span style=\"color: #800000;\"><strong>\u00a1\u00a1\u00a1OS SEGUIREMOS CONTANDO!!!<\/strong><\/span><\/p>\n","protected":false},"excerpt":{"rendered":"<p>Ya hemos iniciado dos nuevos proyectos eTwinning en el Tercer Ciclo de Educaci\u00f3n Primaria. Puedes visitarlos a trav\u00e9s de los enlaces que hay en el men\u00fa superior: eTwinning. El primero de ellos, \u00abEL LABERINTO DE LAS PALABRAS\u00ab,\u00a0est\u00e1 dise\u00f1ado para trabajar la competencia ling\u00fc\u00cdstica en espa\u00f1ol a trav\u00e9s del juego. Cuatro equipos de nacionalidades mixtas deben [&hellip;]<\/p>\n","protected":false},"author":6,"featured_media":0,"comment_status":"open","ping_status":"open","sticky":false,"template":"","format":"standard","meta":{"_genesis_hide_title":false,"_genesis_hide_breadcrumbs":false,"_genesis_hide_singular_image":false,"_genesis_hide_footer_widgets":false,"_genesis_custom_body_class":"","_genesis_custom_post_class":"","_genesis_layout":""},"categories":[16],"tags":[],"_links":{"self":[{"href":"https:\/\/cpablitas.educacion.navarra.es\/web\/wp-json\/wp\/v2\/posts\/7430"}],"collection":[{"href":"https:\/\/cpablitas.educacion.navarra.es\/web\/wp-json\/wp\/v2\/posts"}],"about":[{"href":"https:\/\/cpablitas.educacion.navarra.es\/web\/wp-json\/wp\/v2\/types\/post"}],"author":[{"embeddable":true,"href":"https:\/\/cpablitas.educacion.navarra.es\/web\/wp-json\/wp\/v2\/users\/6"}],"replies":[{"embeddable":true,"href":"https:\/\/cpablitas.educacion.navarra.es\/web\/wp-json\/wp\/v2\/comments?post=7430"}],"version-history":[{"count":1,"href":"https:\/\/cpablitas.educacion.navarra.es\/web\/wp-json\/wp\/v2\/posts\/7430\/revisions"}],"predecessor-version":[{"id":7433,"href":"https:\/\/cpablitas.educacion.navarra.es\/web\/wp-json\/wp\/v2\/posts\/7430\/revisions\/7433"}],"wp:attachment":[{"href":"https:\/\/cpablitas.educacion.navarra.es\/web\/wp-json\/wp\/v2\/media?parent=7430"}],"wp:term":[{"taxonomy":"category","embeddable":true,"href":"https:\/\/cpablitas.educacion.navarra.es\/web\/wp-json\/wp\/v2\/categories?post=7430"},{"taxonomy":"post_tag","embeddable":true,"href":"https:\/\/cpablitas.educacion.navarra.es\/web\/wp-json\/wp\/v2\/tags?post=7430"}],"curies":[{"name":"wp","href":"https:\/\/api.w.org\/{rel}","templated":true}]}}