{"id":7438,"date":"2015-10-22T00:00:27","date_gmt":"2015-10-21T22:00:27","guid":{"rendered":"http:\/\/cpablitas.educacion.navarra.es\/web\/?p=7438"},"modified":"2015-10-25T13:35:12","modified_gmt":"2015-10-25T12:35:12","slug":"conferencia-internacional-etwinning","status":"publish","type":"post","link":"https:\/\/cpablitas.educacion.navarra.es\/web\/blog\/2015\/10\/22\/conferencia-internacional-etwinning\/","title":{"rendered":"Conferencia Internacional eTwinning"},"content":{"rendered":"<p>Hoy comienza la <span style=\"color: #800080;\"><strong>Conferencia Internacional eTwinning en Bruselas<\/strong><\/span> <span style=\"color: #800000;\">(22-24 de octubre)<\/span>.<\/p>\n<p style=\"text-align: justify;\">Gracias al trabajo desarrollado <span style=\"text-decoration: underline;\">durante el curso 2013\/2014<\/span> por el <strong>alumnado y profesorado<\/strong> participante en el <span style=\"color: #0000ff;\"><strong>proyecto eTwinning \u00abCuido mi entorno\u00bb\u00a0<\/strong><span style=\"color: #000000;\">he sido invitado a asistir durante los 3 d\u00edas a tan extraordinario evento.<\/span><\/span><\/p>\n<p style=\"text-align: center;\"><a href=\"http:\/\/cpablitas.educacion.navarra.es\/web\/wp-content\/uploads\/2015\/10\/CONFERENCE.jpg\"><img loading=\"lazy\" class=\"size-medium wp-image-7453 aligncenter\" src=\"http:\/\/cpablitas.educacion.navarra.es\/web\/wp-content\/uploads\/2015\/10\/CONFERENCE-300x200.jpg\" alt=\"CONFERENCE\" width=\"300\" height=\"200\" \/><\/a><\/p>\n<p style=\"text-align: justify;\">All\u00ed coincidir\u00e9 con unos <strong>500 profesores de diferentes pa\u00edses<\/strong> con los que\u00a0\u00a0convivir\u00e9, compartir\u00e9 experiencias y estrecharemos lazos.<\/p>\n<p style=\"text-align: justify;\">Tambi\u00e9n me han propuesto contar <span style=\"color: #0000ff;\"><strong>mi evoluci\u00f3n como \u00abeTwinner\u00bb<\/strong><\/span> desde que comenc\u00e9 hace 10 a\u00f1os y, con este motivo, he preparado la siguiente presentaci\u00f3n que comparto con vosotros:<\/p>\n<p style=\"text-align: center;\"><iframe loading=\"lazy\" src=\"http:\/\/www.genial.ly\/View\/Index\/5618f3ec1561e808b014d53c\" width=\"900\" height=\"506\" frameborder=\"0\" allowfullscreen=\"allowfullscreen\"><\/iframe><\/p>\n<p style=\"text-align: justify;\">Seguro que tras mi paso por esta conferencia traigo al colegio <strong>m\u00e1s ganas e ideas<\/strong> para seguir cada a\u00f1o desarrollando <strong>proyectos eTwinning<\/strong> con la intenci\u00f3n de&#8230;<\/p>\n<ul>\n<li style=\"text-align: justify;\">Trabajar con proyectos de manera colaborativa.<\/li>\n<li style=\"text-align: justify;\">Conocer a otros compa\u00f1eros de otros pa\u00edses.<\/li>\n<li style=\"text-align: justify;\">Utilizar las TIC y\u00a0Herramientas Web 2.0 integradas en los proyectos.<\/li>\n<li style=\"text-align: justify;\">Y, sobre todo, motivar al alumnado en su aprendizaje.<\/li>\n<\/ul>\n<p>Y SI QUIERES VERLO EN DIRECTO, HAZ CLIC EN EL ENLACE:<\/p>\n<p><a href=\"http:\/\/www.ustream.tv\/channel\/etwinning-europe\" target=\"_blank\">http:\/\/www.ustream.tv\/channel\/etwinning-europe<\/a><\/p>\n<h2 style=\"text-align: center;\"><span style=\"color: #800080;\">\u00a1\u00a1\u00a1 HASTA LA VUELTA !!!<\/span><\/h2>\n<p style=\"text-align: left;\">\n","protected":false},"excerpt":{"rendered":"<p>Hoy comienza la Conferencia Internacional eTwinning en Bruselas (22-24 de octubre). Gracias al trabajo desarrollado durante el curso 2013\/2014 por el alumnado y profesorado participante en el proyecto eTwinning \u00abCuido mi entorno\u00bb\u00a0he sido invitado a asistir durante los 3 d\u00edas a tan extraordinario evento. All\u00ed coincidir\u00e9 con unos 500 profesores de diferentes pa\u00edses con los [&hellip;]<\/p>\n","protected":false},"author":6,"featured_media":0,"comment_status":"open","ping_status":"open","sticky":false,"template":"","format":"standard","meta":{"_genesis_hide_title":false,"_genesis_hide_breadcrumbs":false,"_genesis_hide_singular_image":false,"_genesis_hide_footer_widgets":false,"_genesis_custom_body_class":"","_genesis_custom_post_class":"","_genesis_layout":""},"categories":[16],"tags":[],"_links":{"self":[{"href":"https:\/\/cpablitas.educacion.navarra.es\/web\/wp-json\/wp\/v2\/posts\/7438"}],"collection":[{"href":"https:\/\/cpablitas.educacion.navarra.es\/web\/wp-json\/wp\/v2\/posts"}],"about":[{"href":"https:\/\/cpablitas.educacion.navarra.es\/web\/wp-json\/wp\/v2\/types\/post"}],"author":[{"embeddable":true,"href":"https:\/\/cpablitas.educacion.navarra.es\/web\/wp-json\/wp\/v2\/users\/6"}],"replies":[{"embeddable":true,"href":"https:\/\/cpablitas.educacion.navarra.es\/web\/wp-json\/wp\/v2\/comments?post=7438"}],"version-history":[{"count":6,"href":"https:\/\/cpablitas.educacion.navarra.es\/web\/wp-json\/wp\/v2\/posts\/7438\/revisions"}],"predecessor-version":[{"id":7455,"href":"https:\/\/cpablitas.educacion.navarra.es\/web\/wp-json\/wp\/v2\/posts\/7438\/revisions\/7455"}],"wp:attachment":[{"href":"https:\/\/cpablitas.educacion.navarra.es\/web\/wp-json\/wp\/v2\/media?parent=7438"}],"wp:term":[{"taxonomy":"category","embeddable":true,"href":"https:\/\/cpablitas.educacion.navarra.es\/web\/wp-json\/wp\/v2\/categories?post=7438"},{"taxonomy":"post_tag","embeddable":true,"href":"https:\/\/cpablitas.educacion.navarra.es\/web\/wp-json\/wp\/v2\/tags?post=7438"}],"curies":[{"name":"wp","href":"https:\/\/api.w.org\/{rel}","templated":true}]}}