{"id":7487,"date":"2015-11-21T12:13:41","date_gmt":"2015-11-21T11:13:41","guid":{"rendered":"http:\/\/cpablitas.educacion.navarra.es\/web\/?p=7487"},"modified":"2015-11-25T12:32:10","modified_gmt":"2015-11-25T11:32:10","slug":"trabajos-de-6o-curso-2015-16","status":"publish","type":"post","link":"https:\/\/cpablitas.educacion.navarra.es\/web\/blog\/2015\/11\/21\/trabajos-de-6o-curso-2015-16\/","title":{"rendered":"Trabajos de 6\u00ba curso. 2015-16"},"content":{"rendered":"<p><a href=\"http:\/\/cpablitas.educacion.navarra.es\/web\/wp-content\/uploads\/2015\/11\/taller-de-escritura-1.jpg\"><img loading=\"lazy\" class=\"size-medium wp-image-7490 aligncenter\" src=\"http:\/\/cpablitas.educacion.navarra.es\/web\/wp-content\/uploads\/2015\/11\/taller-de-escritura-1-300x191.jpg\" alt=\"taller-de-escritura (1)\" width=\"300\" height=\"191\" \/><\/a><\/p>\n<p>&nbsp;<\/p>\n<p>Hola a tod@s.<\/p>\n<p style=\"text-align: justify;\">Como todos los a\u00f1os, los chicos y chicas de 6\u00ba curso realizan numerosos trabajos de escritura en las clases de lengua. Si quer\u00e9is conocer lo que hemos trabajado y cu\u00e1les han sido los resultados obtenidos no dej\u00e9is de leer estas revistas que os dejamos.<\/p>\n<p style=\"text-align: justify;\">Esperamos que \u00a0disfrut\u00e9is tanto ley\u00e9ndolas como nosotr@s al realizarlas.<\/p>\n<div style=\"text-align: center;\">\n<div style=\"margin: 8px 0px 4px;\"><\/div>\n<div style=\"text-align: center;\">\n<div style=\"margin: 8px 0px 4px;\"><\/div>\n<div style=\"text-align: center;\">\n<div style=\"margin: 8px 0px 4px;\"><a href=\"http:\/\/www.calameo.com\/books\/000313090f7da7649ecf2\" target=\"_blank\">\u00a0Poema 6\u00ba<\/a>\u00a02015-2016<\/div>\n<p><iframe loading=\"lazy\" style=\"margin: 0 auto;\" src=\"\/\/v.calameo.com\/?bkcode=000313090f7da7649ecf2&amp;mode=mini\" width=\"480\" height=\"300\" frameborder=\"0\" scrolling=\"no\" allowfullscreen=\"allowfullscreen\"><\/iframe><\/p>\n<div style=\"margin: 4px 0px 8px;\"><\/div>\n<\/div>\n<\/div>\n<div style=\"margin: 4px 0px 8px;\"><\/div>\n<\/div>\n<p>&nbsp;<\/p>\n<div style=\"text-align: center;\">\n<div style=\"margin: 8px 0px 4px;\"><a href=\"http:\/\/www.calameo.com\/books\/0003130906e7e729a45b8\" target=\"_blank\">Biograf\u00eda Escolar 6\u00ba 2015-16<\/a><\/div>\n<p><iframe loading=\"lazy\" style=\"margin: 0 auto;\" src=\"\/\/v.calameo.com\/?bkcode=0003130906e7e729a45b8&amp;mode=mini\" width=\"480\" height=\"300\" frameborder=\"0\" scrolling=\"no\" allowfullscreen=\"allowfullscreen\"><\/iframe><\/p>\n<\/div>\n<p>&nbsp;<\/p>\n<div style=\"text-align: center;\">\n<div style=\"margin: 8px 0px 4px;\"><a href=\"http:\/\/www.calameo.com\/books\/000313090fd89529d11e2\" target=\"_blank\">Descripci\u00f3n 6\u00ba 2015-16<\/a><\/div>\n<p><iframe loading=\"lazy\" style=\"margin: 0 auto;\" src=\"\/\/v.calameo.com\/?bkcode=000313090fd89529d11e2&amp;mode=mini\" width=\"480\" height=\"300\" frameborder=\"0\" scrolling=\"no\" allowfullscreen=\"allowfullscreen\"><\/iframe><\/p>\n<div style=\"margin: 4px 0px 8px;\"><\/div>\n<\/div>\n","protected":false},"excerpt":{"rendered":"<p>&nbsp; Hola a tod@s. Como todos los a\u00f1os, los chicos y chicas de 6\u00ba curso realizan numerosos trabajos de escritura en las clases de lengua. Si quer\u00e9is conocer lo que hemos trabajado y cu\u00e1les han sido los resultados obtenidos no dej\u00e9is de leer estas revistas que os dejamos. Esperamos que \u00a0disfrut\u00e9is tanto ley\u00e9ndolas como nosotr@s [&hellip;]<\/p>\n","protected":false},"author":9,"featured_media":0,"comment_status":"open","ping_status":"open","sticky":false,"template":"","format":"standard","meta":{"_genesis_hide_title":false,"_genesis_hide_breadcrumbs":false,"_genesis_hide_singular_image":false,"_genesis_hide_footer_widgets":false,"_genesis_custom_body_class":"","_genesis_custom_post_class":"","_genesis_layout":""},"categories":[16],"tags":[],"_links":{"self":[{"href":"https:\/\/cpablitas.educacion.navarra.es\/web\/wp-json\/wp\/v2\/posts\/7487"}],"collection":[{"href":"https:\/\/cpablitas.educacion.navarra.es\/web\/wp-json\/wp\/v2\/posts"}],"about":[{"href":"https:\/\/cpablitas.educacion.navarra.es\/web\/wp-json\/wp\/v2\/types\/post"}],"author":[{"embeddable":true,"href":"https:\/\/cpablitas.educacion.navarra.es\/web\/wp-json\/wp\/v2\/users\/9"}],"replies":[{"embeddable":true,"href":"https:\/\/cpablitas.educacion.navarra.es\/web\/wp-json\/wp\/v2\/comments?post=7487"}],"version-history":[{"count":7,"href":"https:\/\/cpablitas.educacion.navarra.es\/web\/wp-json\/wp\/v2\/posts\/7487\/revisions"}],"predecessor-version":[{"id":7498,"href":"https:\/\/cpablitas.educacion.navarra.es\/web\/wp-json\/wp\/v2\/posts\/7487\/revisions\/7498"}],"wp:attachment":[{"href":"https:\/\/cpablitas.educacion.navarra.es\/web\/wp-json\/wp\/v2\/media?parent=7487"}],"wp:term":[{"taxonomy":"category","embeddable":true,"href":"https:\/\/cpablitas.educacion.navarra.es\/web\/wp-json\/wp\/v2\/categories?post=7487"},{"taxonomy":"post_tag","embeddable":true,"href":"https:\/\/cpablitas.educacion.navarra.es\/web\/wp-json\/wp\/v2\/tags?post=7487"}],"curies":[{"name":"wp","href":"https:\/\/api.w.org\/{rel}","templated":true}]}}