{"id":8101,"date":"2016-04-16T09:35:40","date_gmt":"2016-04-16T07:35:40","guid":{"rendered":"http:\/\/cpablitas.educacion.navarra.es\/web\/?p=8101"},"modified":"2016-04-18T17:44:14","modified_gmt":"2016-04-18T15:44:14","slug":"eurobabil-2016-3a-jornada","status":"publish","type":"post","link":"https:\/\/cpablitas.educacion.navarra.es\/web\/blog\/2016\/04\/16\/eurobabil-2016-3a-jornada\/","title":{"rendered":"EUROBABIL 2016 &#8211; 3\u00aa Jornada"},"content":{"rendered":"<p>Celebrada ya la <span style=\"color: #0000ff;\"><strong><span style=\"color: #0000ff;\">3\u00aa<\/span> jornada del campeonato de futbito EuroBabil 2016<\/strong><\/span>, estos han sido los <span style=\"color: #800000;\"><strong>resultados<\/strong><\/span> y as\u00ed va la <strong><span style=\"color: #800000;\">tabla clasificatoria<\/span><\/strong>:<\/p>\n<p style=\"text-align: center;\"><strong>&#8230;<\/strong><\/p>\n<p style=\"text-align: center;\"><a href=\"http:\/\/cpablitas.educacion.navarra.es\/web\/wp-content\/uploads\/2016\/04\/EuroBabil-3P.png\"><img loading=\"lazy\" class=\"aligncenter wp-image-8102 size-full\" src=\"http:\/\/cpablitas.educacion.navarra.es\/web\/wp-content\/uploads\/2016\/04\/EuroBabil-3P.png\" alt=\"EuroBabil 3P\" width=\"950\" height=\"438\" \/><\/a><\/p>\n<p style=\"text-align: center;\"><strong>De momento van empatados en cabeza de la tabla clasificatoria <\/strong><\/p>\n<p style=\"text-align: center;\"><strong>los equipos de SUECIA y\u00a0RUMAN\u00cdA.<\/strong><\/p>\n<p style=\"text-align: center;\"><strong>Veremos qu\u00e9 pasa en la pr\u00f3xima jornada.<\/strong><\/p>\n<p style=\"text-align: center;\">&#8230;<\/p>\n<p><a href=\"http:\/\/cpablitas.educacion.navarra.es\/web\/wp-content\/uploads\/2016\/04\/EuroBabil-3M.png\"><img loading=\"lazy\" class=\"aligncenter wp-image-8103 size-full\" src=\"http:\/\/cpablitas.educacion.navarra.es\/web\/wp-content\/uploads\/2016\/04\/EuroBabil-3M.png\" alt=\"EuroBabil 3M\" width=\"950\" height=\"438\" \/><\/a><\/p>\n<p style=\"text-align: center;\"><strong>De momento va en cabeza de la tabla clasificatoria el equipo de ESPA\u00d1A. <\/strong><\/p>\n<p style=\"text-align: center;\"><strong>Veremos qu\u00e9 pasa en la pr\u00f3xima jornada.<\/strong><\/p>\n<p style=\"text-align: center;\">&#8230;<\/p>\n<p style=\"text-align: justify;\"><span style=\"color: #800080;\"><strong>OS RECORDAMOS QUE ESTA SEMANA (18-22 abril) <span style=\"color: #0000ff;\">NO HABR\u00c1 PARTIDOS<\/span> DE FUTBITO AL ENCONTRARSE EL ALUMNADO DE SEXTO EN SU SEMANA DE ESQU\u00cd.<\/strong><\/span><\/p>\n","protected":false},"excerpt":{"rendered":"<p>Celebrada ya la 3\u00aa jornada del campeonato de futbito EuroBabil 2016, estos han sido los resultados y as\u00ed va la tabla clasificatoria: &#8230; De momento van empatados en cabeza de la tabla clasificatoria los equipos de SUECIA y\u00a0RUMAN\u00cdA. Veremos qu\u00e9 pasa en la pr\u00f3xima jornada. &#8230; De momento va en cabeza de la tabla clasificatoria [&hellip;]<\/p>\n","protected":false},"author":6,"featured_media":0,"comment_status":"open","ping_status":"open","sticky":false,"template":"","format":"standard","meta":{"_genesis_hide_title":false,"_genesis_hide_breadcrumbs":false,"_genesis_hide_singular_image":false,"_genesis_hide_footer_widgets":false,"_genesis_custom_body_class":"","_genesis_custom_post_class":"","_genesis_layout":""},"categories":[16],"tags":[],"_links":{"self":[{"href":"https:\/\/cpablitas.educacion.navarra.es\/web\/wp-json\/wp\/v2\/posts\/8101"}],"collection":[{"href":"https:\/\/cpablitas.educacion.navarra.es\/web\/wp-json\/wp\/v2\/posts"}],"about":[{"href":"https:\/\/cpablitas.educacion.navarra.es\/web\/wp-json\/wp\/v2\/types\/post"}],"author":[{"embeddable":true,"href":"https:\/\/cpablitas.educacion.navarra.es\/web\/wp-json\/wp\/v2\/users\/6"}],"replies":[{"embeddable":true,"href":"https:\/\/cpablitas.educacion.navarra.es\/web\/wp-json\/wp\/v2\/comments?post=8101"}],"version-history":[{"count":3,"href":"https:\/\/cpablitas.educacion.navarra.es\/web\/wp-json\/wp\/v2\/posts\/8101\/revisions"}],"predecessor-version":[{"id":8113,"href":"https:\/\/cpablitas.educacion.navarra.es\/web\/wp-json\/wp\/v2\/posts\/8101\/revisions\/8113"}],"wp:attachment":[{"href":"https:\/\/cpablitas.educacion.navarra.es\/web\/wp-json\/wp\/v2\/media?parent=8101"}],"wp:term":[{"taxonomy":"category","embeddable":true,"href":"https:\/\/cpablitas.educacion.navarra.es\/web\/wp-json\/wp\/v2\/categories?post=8101"},{"taxonomy":"post_tag","embeddable":true,"href":"https:\/\/cpablitas.educacion.navarra.es\/web\/wp-json\/wp\/v2\/tags?post=8101"}],"curies":[{"name":"wp","href":"https:\/\/api.w.org\/{rel}","templated":true}]}}