{"id":8156,"date":"2016-04-25T08:42:15","date_gmt":"2016-04-25T06:42:15","guid":{"rendered":"http:\/\/cpablitas.educacion.navarra.es\/web\/?p=8156"},"modified":"2016-04-25T08:44:44","modified_gmt":"2016-04-25T06:44:44","slug":"judokas-del-cole","status":"publish","type":"post","link":"https:\/\/cpablitas.educacion.navarra.es\/web\/blog\/2016\/04\/25\/judokas-del-cole\/","title":{"rendered":"JUDOKAS DEL COLE"},"content":{"rendered":"<p>5 MEDALLAS PARA LOS RIBEROS EN EL <span style=\"color: #0000ff;\"><strong>CAMPEONATO NAVARRO BENJAM\u00cdN DE JUDO<\/strong><\/span><\/p>\n<p>AITOR PALACIOS Y <span style=\"color: #800000;\"><strong>DANIEL EN\u00c9RIZ<\/strong><\/span> DEL RIBERA NAVARRA, <strong>CAMPEONES DE NAVARRA.<\/strong><\/p>\n<p style=\"text-align: center;\"><a href=\"http:\/\/cpablitas.educacion.navarra.es\/web\/wp-content\/uploads\/2016\/04\/Judo-2.jpg\"><img loading=\"lazy\" class=\"aligncenter wp-image-8157 size-full\" src=\"http:\/\/cpablitas.educacion.navarra.es\/web\/wp-content\/uploads\/2016\/04\/Judo-2.jpg\" alt=\"Judo 2\" width=\"720\" height=\"960\" \/><\/a><\/p>\n<p style=\"text-align: justify;\">El pasado s\u00e1bado, 23 de abril, tuvo lugar el <span style=\"color: #800000;\"><strong>Campeonato Navarro de judo de la categor\u00eda Benjam\u00edn<\/strong><\/span>, que alberg\u00f3 ni\u00f1os de 9 y 10 a\u00f1os de toda la comunidad foral.<\/p>\n<p style=\"text-align: justify;\"><strong>El ablitero del Ribera Navarra, <span style=\"color: #0000ff;\">Daniel En\u00e9riz<\/span>, se proclam\u00f3 campe\u00f3n de Navarra en la categor\u00eda de menos de 42 kilos<\/strong>, ganando todos sus combates por ippon (m\u00e1xima puntuaci\u00f3n). En la misma categor\u00eda, su compa\u00f1ero de club, <span style=\"color: #0000ff;\"><strong>V\u00edctor Santos <span style=\"color: #000000;\">obtuvo el bronce<\/span><\/strong><\/span>.<br \/>\nAitor Palacios, tambi\u00e9n del Ribera Navarra, subi\u00f3 a lo m\u00e1s alto del podium tras derrotar a sus 5 oponentes con gran contundencia y siempre por ippon, en una de las categor\u00edas con m\u00e1s participantes, -26 kilogramos.<br \/>\nPor otra parte, la secci\u00f3n femenina, no se qued\u00f3 atr\u00e1s obteniendo <strong>una plata en menos de 30 kilos, de la mano de la ablitera <span style=\"color: #0000ff;\">Yulema Fern\u00e1ndez<\/span><\/strong> y <strong>un bronce de su compa\u00f1era<\/strong> <span style=\"color: #0000ff;\"><strong>Carla Pinilla<\/strong><\/span> en m\u00e1s de 47 kilos.<\/p>\n<p style=\"text-align: justify;\"><a href=\"http:\/\/cpablitas.educacion.navarra.es\/web\/wp-content\/uploads\/2016\/04\/Judo-01.jpg\"><img loading=\"lazy\" class=\"aligncenter wp-image-8158 size-full\" src=\"http:\/\/cpablitas.educacion.navarra.es\/web\/wp-content\/uploads\/2016\/04\/Judo-01.jpg\" alt=\"Judo 01\" width=\"960\" height=\"720\" \/><\/a><\/p>\n<p style=\"text-align: justify;\">Asimismo, cabe destacar el desempe\u00f1o mostrado sobre el tatami de Alejandra Gonz\u00e1lez, <span style=\"color: #0000ff;\"><strong>I\u00f1igo Iriso<\/strong><\/span> e Ian Hammer, en su debut como competidores.<\/p>\n<p style=\"text-align: justify;\">(Fuente y Fotos: <strong>La Voz de la Ribera<\/strong>)<\/p>\n<p style=\"text-align: center;\"><a href=\"http:\/\/cpablitas.educacion.navarra.es\/web\/wp-content\/uploads\/2016\/04\/Judo-03.jpg\"><img loading=\"lazy\" class=\"aligncenter wp-image-8159 size-full\" src=\"http:\/\/cpablitas.educacion.navarra.es\/web\/wp-content\/uploads\/2016\/04\/Judo-03.jpg\" alt=\"Judo 03\" width=\"960\" height=\"720\" \/><\/a><\/p>\n<h2 style=\"text-align: center;\"><strong><span style=\"color: #0000ff;\">\u00a1\u00a1\u00a1 <span style=\"color: #800000;\">ENHORABUENA A TODOS ELLOS<\/span> !!!<\/span><\/strong><\/h2>\n","protected":false},"excerpt":{"rendered":"<p>5 MEDALLAS PARA LOS RIBEROS EN EL CAMPEONATO NAVARRO BENJAM\u00cdN DE JUDO AITOR PALACIOS Y DANIEL EN\u00c9RIZ DEL RIBERA NAVARRA, CAMPEONES DE NAVARRA. El pasado s\u00e1bado, 23 de abril, tuvo lugar el Campeonato Navarro de judo de la categor\u00eda Benjam\u00edn, que alberg\u00f3 ni\u00f1os de 9 y 10 a\u00f1os de toda la comunidad foral. El ablitero [&hellip;]<\/p>\n","protected":false},"author":6,"featured_media":0,"comment_status":"open","ping_status":"open","sticky":false,"template":"","format":"standard","meta":{"_genesis_hide_title":false,"_genesis_hide_breadcrumbs":false,"_genesis_hide_singular_image":false,"_genesis_hide_footer_widgets":false,"_genesis_custom_body_class":"","_genesis_custom_post_class":"","_genesis_layout":""},"categories":[16],"tags":[],"_links":{"self":[{"href":"https:\/\/cpablitas.educacion.navarra.es\/web\/wp-json\/wp\/v2\/posts\/8156"}],"collection":[{"href":"https:\/\/cpablitas.educacion.navarra.es\/web\/wp-json\/wp\/v2\/posts"}],"about":[{"href":"https:\/\/cpablitas.educacion.navarra.es\/web\/wp-json\/wp\/v2\/types\/post"}],"author":[{"embeddable":true,"href":"https:\/\/cpablitas.educacion.navarra.es\/web\/wp-json\/wp\/v2\/users\/6"}],"replies":[{"embeddable":true,"href":"https:\/\/cpablitas.educacion.navarra.es\/web\/wp-json\/wp\/v2\/comments?post=8156"}],"version-history":[{"count":2,"href":"https:\/\/cpablitas.educacion.navarra.es\/web\/wp-json\/wp\/v2\/posts\/8156\/revisions"}],"predecessor-version":[{"id":8161,"href":"https:\/\/cpablitas.educacion.navarra.es\/web\/wp-json\/wp\/v2\/posts\/8156\/revisions\/8161"}],"wp:attachment":[{"href":"https:\/\/cpablitas.educacion.navarra.es\/web\/wp-json\/wp\/v2\/media?parent=8156"}],"wp:term":[{"taxonomy":"category","embeddable":true,"href":"https:\/\/cpablitas.educacion.navarra.es\/web\/wp-json\/wp\/v2\/categories?post=8156"},{"taxonomy":"post_tag","embeddable":true,"href":"https:\/\/cpablitas.educacion.navarra.es\/web\/wp-json\/wp\/v2\/tags?post=8156"}],"curies":[{"name":"wp","href":"https:\/\/api.w.org\/{rel}","templated":true}]}}