{"id":8179,"date":"2016-04-29T11:15:57","date_gmt":"2016-04-29T09:15:57","guid":{"rendered":"http:\/\/cpablitas.educacion.navarra.es\/web\/?p=8179"},"modified":"2016-04-29T11:17:42","modified_gmt":"2016-04-29T09:17:42","slug":"huerto-escolar-3o-e-p","status":"publish","type":"post","link":"https:\/\/cpablitas.educacion.navarra.es\/web\/blog\/2016\/04\/29\/huerto-escolar-3o-e-p\/","title":{"rendered":"HUERTO ESCOLAR 3\u00ba E.P."},"content":{"rendered":"<p>El pasado viernes, l@s chic@s de tercero de primaria visitaron \u00a0la <span style=\"color: #008000;\"><strong>huerta ecol\u00f3gica<\/strong><\/span> que est\u00e1n llevando a cabo los alumnos del Taller de Empleo Calibus de Agricultura Ecol\u00f3gica e Intensiva.<\/p>\n<p>&nbsp;<\/p>\n<p><a href=\"http:\/\/cpablitas.educacion.navarra.es\/web\/wp-content\/uploads\/2016\/04\/20160428_112824.jpg\"><img loading=\"lazy\" class=\"size-medium wp-image-8182 aligncenter\" src=\"http:\/\/cpablitas.educacion.navarra.es\/web\/wp-content\/uploads\/2016\/04\/20160428_112824-300x169.jpg\" alt=\"20160428_112824\" width=\"300\" height=\"169\" \/><\/a><\/p>\n<p><strong><span style=\"color: #0000ff;\">Marisa<\/span>, <\/strong>la profesora encargada de realizar estos talleres, nos explic\u00f3 <em>qu\u00e9 es un umbr\u00e1culo<\/em>, <em>qu\u00e9 cultivan en el invernadero<\/em> y nos invit\u00f3 a participar en\u00a0una <em>gymkana<\/em> en la cual el alumnado deb\u00eda responder preguntas y buscar hortalizas en la huerta.<\/p>\n<p>Adem\u00e1s, como recuerdo de nuestro paso por all\u00ed, nos regalaron una bonita planta para que nos acostumbremos a su cuidado y por el gusto por la jardiner\u00eda.<\/p>\n<div>\n<p><iframe loading=\"lazy\" src=\"http:\/\/www.kizoa.com\/embed-42022931-2541115o1l1\" width=\"560\" height=\"420\" frameborder=\"0\" allowfullscreen=\"allowfullscreen\"><\/iframe><\/p>\n<p>&nbsp;<\/p>\n<\/div>\n<p>&nbsp;<\/p>\n<p style=\"text-align: center;\"><span style=\"color: #ff0000;\">\u00a1Gracias a tod@s!<\/span><\/p>\n","protected":false},"excerpt":{"rendered":"<p>El pasado viernes, l@s chic@s de tercero de primaria visitaron \u00a0la huerta ecol\u00f3gica que est\u00e1n llevando a cabo los alumnos del Taller de Empleo Calibus de Agricultura Ecol\u00f3gica e Intensiva. &nbsp; Marisa, la profesora encargada de realizar estos talleres, nos explic\u00f3 qu\u00e9 es un umbr\u00e1culo, qu\u00e9 cultivan en el invernadero y nos invit\u00f3 a participar [&hellip;]<\/p>\n","protected":false},"author":9,"featured_media":0,"comment_status":"open","ping_status":"open","sticky":false,"template":"","format":"standard","meta":{"_genesis_hide_title":false,"_genesis_hide_breadcrumbs":false,"_genesis_hide_singular_image":false,"_genesis_hide_footer_widgets":false,"_genesis_custom_body_class":"","_genesis_custom_post_class":"","_genesis_layout":""},"categories":[16],"tags":[],"_links":{"self":[{"href":"https:\/\/cpablitas.educacion.navarra.es\/web\/wp-json\/wp\/v2\/posts\/8179"}],"collection":[{"href":"https:\/\/cpablitas.educacion.navarra.es\/web\/wp-json\/wp\/v2\/posts"}],"about":[{"href":"https:\/\/cpablitas.educacion.navarra.es\/web\/wp-json\/wp\/v2\/types\/post"}],"author":[{"embeddable":true,"href":"https:\/\/cpablitas.educacion.navarra.es\/web\/wp-json\/wp\/v2\/users\/9"}],"replies":[{"embeddable":true,"href":"https:\/\/cpablitas.educacion.navarra.es\/web\/wp-json\/wp\/v2\/comments?post=8179"}],"version-history":[{"count":3,"href":"https:\/\/cpablitas.educacion.navarra.es\/web\/wp-json\/wp\/v2\/posts\/8179\/revisions"}],"predecessor-version":[{"id":8183,"href":"https:\/\/cpablitas.educacion.navarra.es\/web\/wp-json\/wp\/v2\/posts\/8179\/revisions\/8183"}],"wp:attachment":[{"href":"https:\/\/cpablitas.educacion.navarra.es\/web\/wp-json\/wp\/v2\/media?parent=8179"}],"wp:term":[{"taxonomy":"category","embeddable":true,"href":"https:\/\/cpablitas.educacion.navarra.es\/web\/wp-json\/wp\/v2\/categories?post=8179"},{"taxonomy":"post_tag","embeddable":true,"href":"https:\/\/cpablitas.educacion.navarra.es\/web\/wp-json\/wp\/v2\/tags?post=8179"}],"curies":[{"name":"wp","href":"https:\/\/api.w.org\/{rel}","templated":true}]}}