{"id":8208,"date":"2016-05-11T00:11:38","date_gmt":"2016-05-10T22:11:38","guid":{"rendered":"http:\/\/cpablitas.educacion.navarra.es\/web\/?p=8208"},"modified":"2016-05-10T19:13:12","modified_gmt":"2016-05-10T17:13:12","slug":"visita-a-las-bardenas-reales","status":"publish","type":"post","link":"https:\/\/cpablitas.educacion.navarra.es\/web\/blog\/2016\/05\/11\/visita-a-las-bardenas-reales\/","title":{"rendered":"Visita a las Bardenas Reales"},"content":{"rendered":"<p style=\"text-align: justify;\">El <span style=\"color: #0000ff;\"><strong>alumnado del Tercer Ciclo del CPEIP \u00abSan Babil\u00bb de Ablitas<\/strong><\/span>, junto a sus tutores, estuvieron el <strong>martes 10 de mayo<\/strong> visitando el <span style=\"color: #800000;\"><strong>Parque Natural de las Bardenas Reales<\/strong><\/span>.<\/p>\n<p style=\"text-align: center;\"><a href=\"http:\/\/cpablitas.educacion.navarra.es\/web\/wp-content\/uploads\/2016\/05\/bARDENAS-cOLE.jpg\"><img loading=\"lazy\" class=\"aligncenter wp-image-8209 size-full\" src=\"http:\/\/cpablitas.educacion.navarra.es\/web\/wp-content\/uploads\/2016\/05\/bARDENAS-cOLE.jpg\" alt=\"bARDENAS cOLE\" width=\"1068\" height=\"712\" \/><\/a><\/p>\n<p style=\"text-align: justify;\">Fue un d\u00eda en el que <strong>nos respet\u00f3 la lluvia<\/strong>, pero pudimos comprobar <strong>el agua acumulada<\/strong> estos d\u00edas atr\u00e1s.<\/p>\n<p style=\"text-align: justify;\"><span style=\"color: #0000ff;\"><strong>Nuestra gu\u00eda, <span style=\"color: #800000;\">Andrea<\/span><\/strong><\/span><span style=\"color: #800000;\"><strong>,<\/strong><\/span> nos cont\u00f3 muchas <strong>cosas interesantes<\/strong> y nos mostr\u00f3 <strong>plantas, animales y formaciones geol\u00f3gicas<\/strong>\u00a0que podemos encontrar en las Bardenas, <span style=\"text-decoration: underline;\">si prestamos un poco de atenci\u00f3n<\/span>.<\/p>\n<p style=\"text-align: justify;\">Para que os hag\u00e1is una idea los que no hab\u00e9is ido y para recordarlo los que s\u00ed, valga este <span style=\"color: #800000;\"><strong>montaje de fotos<\/strong><\/span>:<\/p>\n<p style=\"text-align: center;\">&#8230;<\/p>\n<div style=\"text-align: center;\"><iframe loading=\"lazy\" src=\"http:\/\/www.kizoa.com\/embed-43734959-6929943o1l1\" width=\"560\" height=\"420\" frameborder=\"0\" allowfullscreen=\"allowfullscreen\"><\/iframe><br \/>\n&#8230;<\/div>\n<p style=\"text-align: center;\"><span style=\"color: #800000;\"><strong>\u00a1\u00a1\u00a1<span style=\"color: #800080;\">VISITA LAS BARDENAS REALES<\/span>!!!<\/strong><\/span><\/p>\n","protected":false},"excerpt":{"rendered":"<p>El alumnado del Tercer Ciclo del CPEIP \u00abSan Babil\u00bb de Ablitas, junto a sus tutores, estuvieron el martes 10 de mayo visitando el Parque Natural de las Bardenas Reales. Fue un d\u00eda en el que nos respet\u00f3 la lluvia, pero pudimos comprobar el agua acumulada estos d\u00edas atr\u00e1s. Nuestra gu\u00eda, Andrea, nos cont\u00f3 muchas cosas [&hellip;]<\/p>\n","protected":false},"author":6,"featured_media":0,"comment_status":"open","ping_status":"open","sticky":false,"template":"","format":"standard","meta":{"_genesis_hide_title":false,"_genesis_hide_breadcrumbs":false,"_genesis_hide_singular_image":false,"_genesis_hide_footer_widgets":false,"_genesis_custom_body_class":"","_genesis_custom_post_class":"","_genesis_layout":""},"categories":[16],"tags":[],"_links":{"self":[{"href":"https:\/\/cpablitas.educacion.navarra.es\/web\/wp-json\/wp\/v2\/posts\/8208"}],"collection":[{"href":"https:\/\/cpablitas.educacion.navarra.es\/web\/wp-json\/wp\/v2\/posts"}],"about":[{"href":"https:\/\/cpablitas.educacion.navarra.es\/web\/wp-json\/wp\/v2\/types\/post"}],"author":[{"embeddable":true,"href":"https:\/\/cpablitas.educacion.navarra.es\/web\/wp-json\/wp\/v2\/users\/6"}],"replies":[{"embeddable":true,"href":"https:\/\/cpablitas.educacion.navarra.es\/web\/wp-json\/wp\/v2\/comments?post=8208"}],"version-history":[{"count":2,"href":"https:\/\/cpablitas.educacion.navarra.es\/web\/wp-json\/wp\/v2\/posts\/8208\/revisions"}],"predecessor-version":[{"id":8211,"href":"https:\/\/cpablitas.educacion.navarra.es\/web\/wp-json\/wp\/v2\/posts\/8208\/revisions\/8211"}],"wp:attachment":[{"href":"https:\/\/cpablitas.educacion.navarra.es\/web\/wp-json\/wp\/v2\/media?parent=8208"}],"wp:term":[{"taxonomy":"category","embeddable":true,"href":"https:\/\/cpablitas.educacion.navarra.es\/web\/wp-json\/wp\/v2\/categories?post=8208"},{"taxonomy":"post_tag","embeddable":true,"href":"https:\/\/cpablitas.educacion.navarra.es\/web\/wp-json\/wp\/v2\/tags?post=8208"}],"curies":[{"name":"wp","href":"https:\/\/api.w.org\/{rel}","templated":true}]}}