{"id":8673,"date":"2017-01-24T15:13:23","date_gmt":"2017-01-24T14:13:23","guid":{"rendered":"http:\/\/cpablitas.educacion.navarra.es\/web\/?p=8673"},"modified":"2017-01-24T21:08:56","modified_gmt":"2017-01-24T20:08:56","slug":"celebracion-del-dia-de-san-babil-2","status":"publish","type":"post","link":"https:\/\/cpablitas.educacion.navarra.es\/web\/blog\/2017\/01\/24\/celebracion-del-dia-de-san-babil-2\/","title":{"rendered":"Celebraci\u00f3n del d\u00eda de San Babil"},"content":{"rendered":"<p><span style=\"font-size: large;\">Estimadas familias:<\/span><\/p>\n<p><span style=\"font-size: large;\">Ma\u00f1ana <strong>mi\u00e9rcoles 25 de enero celebramos el d\u00eda de San Babil<\/strong>, vamos a participar en las carreras apoyando a la ONG Save the children, en favor de la infancia y en concreto, a <\/span>ni\u00f1os y ni\u00f1as menores de 5 a\u00f1os que puedan sobrevivir\u00a0en pa\u00edses como Etiop\u00eda, N\u00edger, Burkina Fasso.<\/p>\n<p>A lo largo de estos d\u00edas se ha trabajado en clase sobre el tema el \u201c agua es esencial para la vida \u201c .<\/p>\n<p>En este d\u00eda, en la carrera los alumn@s van a llevar sus dorsales, van a participar y las vueltas que den van a ser representativas.<\/p>\n<p><span style=\"font-size: large;\">As\u00ed, cada alumno\/a llevar\u00e1 a casa un diploma que acredite su participaci\u00f3n y un carn\u00e9 de corredor\/a con el n\u00famero de vueltas ( los alumn@s de Educaci\u00f3n Infantil todos han dado el mismo n\u00famero), para poder comentar la ayuda a estos ni\u00f1os y poder aportar voluntariamente un donativo. Puede ser 10 c\u00e9ntimos por vuelta. La cantidad recaudada se la remitiremos a la ONG Save the children.<\/span><\/p>\n<p><span style=\"font-size: large;\">En la entrada del colegio se colocar\u00e1 una urna para poder voluntariamente dejar el donativo. Se mantendr\u00e1 hasta el mi\u00e9rcoles 1 de febrero. <\/span><\/p>\n<p><strong>Los\/as alumnos\/as \u00a0entrar\u00e1n al colegio a las 10 de la ma\u00f1ana<\/strong>, hora en que comenzar\u00e1n las carreras. Durante las carreras, por el patio, habr\u00e1 diferentes juegos; de manera que los\u00a0alumnos tambi\u00e9n puedan jugar.<\/p>\n<p>Terminada la carrera se cerrar\u00e1n las puertas del colegio para <span style=\"color: #000080;\"><strong>el almuerzo organizado\u00a0por la APYMA<\/strong><\/span>.<\/p>\n<p>Se os recuerda que los alumnos no podr\u00e1n traer otro almuerzo diferente.<\/p>\n<p>Despu\u00e9s del almuerzo\u00a0se celebrar\u00e1 un<strong> peque\u00f1o acto para celebrar el d\u00eda de la PAZ<\/strong>.<\/p>\n<p>Y a continuaci\u00f3n se desarrollar\u00e1 \u00a0<span style=\"color: #000080;\"><strong>partido de f\u00fatbol entre los alumnos de sexto contra profesores y padres<\/strong><\/span>.<\/p>\n<p>Terminado \u00e9ste, los alumnos subir\u00e1n a sus clases para salir a las 13:00 H.<\/p>\n<p>Gracias por vuestra colaboraci\u00f3n y nos vemos en San Babil.<\/p>\n<p><strong><em>Equipo directivo<\/em><\/strong><\/p>\n","protected":false},"excerpt":{"rendered":"<p>Estimadas familias: Ma\u00f1ana mi\u00e9rcoles 25 de enero celebramos el d\u00eda de San Babil, vamos a participar en las carreras apoyando a la ONG Save the children, en favor de la infancia y en concreto, a ni\u00f1os y ni\u00f1as menores de 5 a\u00f1os que puedan sobrevivir\u00a0en pa\u00edses como Etiop\u00eda, N\u00edger, Burkina Fasso. A lo largo de [&hellip;]<\/p>\n","protected":false},"author":8,"featured_media":8417,"comment_status":"open","ping_status":"open","sticky":false,"template":"","format":"standard","meta":{"_genesis_hide_title":false,"_genesis_hide_breadcrumbs":false,"_genesis_hide_singular_image":false,"_genesis_hide_footer_widgets":false,"_genesis_custom_body_class":"","_genesis_custom_post_class":"","_genesis_layout":""},"categories":[16],"tags":[],"_links":{"self":[{"href":"https:\/\/cpablitas.educacion.navarra.es\/web\/wp-json\/wp\/v2\/posts\/8673"}],"collection":[{"href":"https:\/\/cpablitas.educacion.navarra.es\/web\/wp-json\/wp\/v2\/posts"}],"about":[{"href":"https:\/\/cpablitas.educacion.navarra.es\/web\/wp-json\/wp\/v2\/types\/post"}],"author":[{"embeddable":true,"href":"https:\/\/cpablitas.educacion.navarra.es\/web\/wp-json\/wp\/v2\/users\/8"}],"replies":[{"embeddable":true,"href":"https:\/\/cpablitas.educacion.navarra.es\/web\/wp-json\/wp\/v2\/comments?post=8673"}],"version-history":[{"count":6,"href":"https:\/\/cpablitas.educacion.navarra.es\/web\/wp-json\/wp\/v2\/posts\/8673\/revisions"}],"predecessor-version":[{"id":8680,"href":"https:\/\/cpablitas.educacion.navarra.es\/web\/wp-json\/wp\/v2\/posts\/8673\/revisions\/8680"}],"wp:featuredmedia":[{"embeddable":true,"href":"https:\/\/cpablitas.educacion.navarra.es\/web\/wp-json\/wp\/v2\/media\/8417"}],"wp:attachment":[{"href":"https:\/\/cpablitas.educacion.navarra.es\/web\/wp-json\/wp\/v2\/media?parent=8673"}],"wp:term":[{"taxonomy":"category","embeddable":true,"href":"https:\/\/cpablitas.educacion.navarra.es\/web\/wp-json\/wp\/v2\/categories?post=8673"},{"taxonomy":"post_tag","embeddable":true,"href":"https:\/\/cpablitas.educacion.navarra.es\/web\/wp-json\/wp\/v2\/tags?post=8673"}],"curies":[{"name":"wp","href":"https:\/\/api.w.org\/{rel}","templated":true}]}}