{"id":8681,"date":"2017-01-27T20:53:16","date_gmt":"2017-01-27T19:53:16","guid":{"rendered":"http:\/\/cpablitas.educacion.navarra.es\/web\/?p=8681"},"modified":"2017-01-27T20:53:16","modified_gmt":"2017-01-27T19:53:16","slug":"te-pille-leyendo-biblioteca-escolar","status":"publish","type":"post","link":"https:\/\/cpablitas.educacion.navarra.es\/web\/blog\/2017\/01\/27\/te-pille-leyendo-biblioteca-escolar\/","title":{"rendered":"\u00abTe pill\u00e9 leyendo\u00bb- Biblioteca escolar"},"content":{"rendered":"<p>Desde la Biblioteca Escolar os proponemos una actividad de animaci\u00f3n a la lectura con el proyecto \u201cTe pill\u00e9 leyendo\u201d.<\/p>\n<p>Se trata de <u>captar im\u00e1genes<\/u> de una o varias personas en un <u>momento de lectura<\/u>. Puede ser el rinc\u00f3n donde m\u00e1s te guste leer con tu libro favorito o uno nuevo que acabas de conocer.<\/p>\n<p>Cada alumno puede presentar fotograf\u00edas en formato digital (JPG). Se admitir\u00e1n trabajos en blanco y negro, sepia y en color, quedando descartados los montajes fotogr\u00e1ficos.<\/p>\n<p>\u00c9stas pueden enviarse:<\/p>\n<p>&#8211; Email <strong><a href=\"mailto:bibliotecasanbabil@gmail.com\">bibliotecasanbabil@gmail.com<\/a><\/strong><\/p>\n<p><strong>&#8211; <\/strong>N\u00ba colegio por WhatsApp <strong>646 613 981<\/strong>.<\/p>\n<p>&nbsp;<\/p>\n<p>Se escribe en \u2018asunto\u2019 el lema de la actividad \u201c<strong>Te pill\u00e9 leyendo\u201d. <\/strong>Cada fotograf\u00eda se adjuntar\u00e1 con un nombre que le d\u00e9 t\u00edtulo que puede ser el nombre del alumn@ o el t\u00edtulo del cuento.<br \/>\nEl plazo de env\u00edo ser\u00e1 desde el 27 de enero hasta el 24 de Marzo.<\/p>\n<p>Agradecemos vuestra participaci\u00f3n,<\/p>\n<p>Equipo de Biblioteca<\/p>\n","protected":false},"excerpt":{"rendered":"<p>Desde la Biblioteca Escolar os proponemos una actividad de animaci\u00f3n a la lectura con el proyecto \u201cTe pill\u00e9 leyendo\u201d. Se trata de captar im\u00e1genes de una o varias personas en un momento de lectura. Puede ser el rinc\u00f3n donde m\u00e1s te guste leer con tu libro favorito o uno nuevo que acabas de conocer. Cada [&hellip;]<\/p>\n","protected":false},"author":8,"featured_media":8417,"comment_status":"open","ping_status":"open","sticky":false,"template":"","format":"standard","meta":{"_genesis_hide_title":false,"_genesis_hide_breadcrumbs":false,"_genesis_hide_singular_image":false,"_genesis_hide_footer_widgets":false,"_genesis_custom_body_class":"","_genesis_custom_post_class":"","_genesis_layout":""},"categories":[16],"tags":[],"_links":{"self":[{"href":"https:\/\/cpablitas.educacion.navarra.es\/web\/wp-json\/wp\/v2\/posts\/8681"}],"collection":[{"href":"https:\/\/cpablitas.educacion.navarra.es\/web\/wp-json\/wp\/v2\/posts"}],"about":[{"href":"https:\/\/cpablitas.educacion.navarra.es\/web\/wp-json\/wp\/v2\/types\/post"}],"author":[{"embeddable":true,"href":"https:\/\/cpablitas.educacion.navarra.es\/web\/wp-json\/wp\/v2\/users\/8"}],"replies":[{"embeddable":true,"href":"https:\/\/cpablitas.educacion.navarra.es\/web\/wp-json\/wp\/v2\/comments?post=8681"}],"version-history":[{"count":1,"href":"https:\/\/cpablitas.educacion.navarra.es\/web\/wp-json\/wp\/v2\/posts\/8681\/revisions"}],"predecessor-version":[{"id":8682,"href":"https:\/\/cpablitas.educacion.navarra.es\/web\/wp-json\/wp\/v2\/posts\/8681\/revisions\/8682"}],"wp:featuredmedia":[{"embeddable":true,"href":"https:\/\/cpablitas.educacion.navarra.es\/web\/wp-json\/wp\/v2\/media\/8417"}],"wp:attachment":[{"href":"https:\/\/cpablitas.educacion.navarra.es\/web\/wp-json\/wp\/v2\/media?parent=8681"}],"wp:term":[{"taxonomy":"category","embeddable":true,"href":"https:\/\/cpablitas.educacion.navarra.es\/web\/wp-json\/wp\/v2\/categories?post=8681"},{"taxonomy":"post_tag","embeddable":true,"href":"https:\/\/cpablitas.educacion.navarra.es\/web\/wp-json\/wp\/v2\/tags?post=8681"}],"curies":[{"name":"wp","href":"https:\/\/api.w.org\/{rel}","templated":true}]}}