{"id":8683,"date":"2017-01-28T13:25:08","date_gmt":"2017-01-28T12:25:08","guid":{"rendered":"http:\/\/cpablitas.educacion.navarra.es\/web\/?p=8683"},"modified":"2017-01-28T13:29:12","modified_gmt":"2017-01-28T12:29:12","slug":"san-babil-paz-2017","status":"publish","type":"post","link":"https:\/\/cpablitas.educacion.navarra.es\/web\/blog\/2017\/01\/28\/san-babil-paz-2017\/","title":{"rendered":"San Babil &#8211; Paz 2017"},"content":{"rendered":"<p>El mi\u00e9rcoles 25 de enero se celebr\u00f3 en el colegio la carrera de San Babil\u00a0\u00a0<span style=\"color: #800080;\"><strong>con el lema \u00abel\u00a0agua es esencial para la vida\u00bb<\/strong><\/span>,\u00a0en\u00a0colaboraci\u00f3n con la O.N.G. \u00abSave The Children\u00bb.<\/p>\n<p>El tiempo nos acompa\u00f1\u00f3 y pudimos celebrar las carreras, diferentes juegos, un peque\u00f1o acto por la Paz y el partido futbito.<\/p>\n<p>Muchas gracias a la APYMA por la organizaci\u00f3n del almuerzo, a todas las familias que han colaborado o participado de alguna manera en la celebraci\u00f3n de este d\u00eda.<\/p>\n<p>Despu\u00e9s del almuerzo se celebr\u00f3 \u00a0un\u00a0peque\u00f1o acto para celebrar el d\u00eda de la PAZ. Se realiz\u00f3 una lectura por parte de los alumn@s de frases que empezaban: \u00abImagina que &#8230;.\u00bb, \u00a0con el sonido de fondo de la canci\u00f3n de Imagine de John Lennon. Para terminaran cantamos y bailamos la canci\u00f3n de Macaco \u00abSomos una Marea de Gente\u00bb.<\/p>\n<p><!--more--><\/p>\n<p>Despu\u00e9s de este peque\u00f1o pero emocionante acto, empez\u00f3 el partidillo de futbito. El marcador se\u00a0abri\u00f3\u00a0\u00a0a favor de los Profes-Padres, los alumnos acercaron diferencias pero no consegu\u00edan acercarse a los padres-profes que marcaron 5 goles seguidos. Cuando el partido estaba en contra de los alumnos de sexto con un marcador 8 a 2, los alumnos marcaron un gol que cont\u00f3 por cinco, acabando el partido con un resultado de 8 a 8.<\/p>\n<p>Os dejamos un peque\u00f1o resumen de este d\u00eda:<\/p>\n<p><iframe loading=\"lazy\" src=\"https:\/\/www.youtube.com\/embed\/bV02mkMOu2M\" width=\"560\" height=\"315\" frameborder=\"0\" allowfullscreen=\"allowfullscreen\"><\/iframe><br \/>\nSi quieres ver todas las fotos realizadas, haz click en las siguientes fotos, y te llevar\u00e1n a su \u00e1lbum correspondiente:<\/p>\n<p><a href=\"https:\/\/goo.gl\/photos\/fppGd8LE3S6x7Zo57\"><img loading=\"lazy\" class=\"size-medium wp-image-8691 aligncenter\" src=\"http:\/\/cpablitas.educacion.navarra.es\/web\/wp-content\/uploads\/2017\/01\/Carreras-300x201.jpg\" alt=\"\" width=\"300\" height=\"201\" \/><\/a> <a href=\"https:\/\/goo.gl\/photos\/WcySPxmPM3iaJWn17\"><img loading=\"lazy\" class=\"size-medium wp-image-8692 aligncenter\" src=\"http:\/\/cpablitas.educacion.navarra.es\/web\/wp-content\/uploads\/2017\/01\/Juegos-300x200.jpg\" alt=\"\" width=\"300\" height=\"200\" \/><\/a><a href=\"https:\/\/goo.gl\/photos\/8o3YwwrzFvMc7ziR9\"><img loading=\"lazy\" class=\"size-medium wp-image-8694 aligncenter\" src=\"http:\/\/cpablitas.educacion.navarra.es\/web\/wp-content\/uploads\/2017\/01\/Paz-300x200.jpg\" alt=\"\" width=\"300\" height=\"200\" \/><\/a> <a href=\"https:\/\/goo.gl\/photos\/a1rd1AnWh1axc7xu9\"><img loading=\"lazy\" class=\"size-medium wp-image-8693 aligncenter\" src=\"http:\/\/cpablitas.educacion.navarra.es\/web\/wp-content\/uploads\/2017\/01\/Partido-300x201.jpg\" alt=\"\" width=\"300\" height=\"201\" \/><\/a><\/p>\n<p>\u00a1\u00a1\u00a1\u00a1VIVA EL COLEGIO SAN BABIL!!!!<\/p>\n","protected":false},"excerpt":{"rendered":"<p>El mi\u00e9rcoles 25 de enero se celebr\u00f3 en el colegio la carrera de San Babil\u00a0\u00a0con el lema \u00abel\u00a0agua es esencial para la vida\u00bb,\u00a0en\u00a0colaboraci\u00f3n con la O.N.G. \u00abSave The Children\u00bb. El tiempo nos acompa\u00f1\u00f3 y pudimos celebrar las carreras, diferentes juegos, un peque\u00f1o acto por la Paz y el partido futbito. Muchas gracias a la APYMA [&hellip;]<\/p>\n","protected":false},"author":8,"featured_media":8417,"comment_status":"open","ping_status":"open","sticky":false,"template":"","format":"standard","meta":{"_genesis_hide_title":false,"_genesis_hide_breadcrumbs":false,"_genesis_hide_singular_image":false,"_genesis_hide_footer_widgets":false,"_genesis_custom_body_class":"","_genesis_custom_post_class":"","_genesis_layout":""},"categories":[16],"tags":[],"_links":{"self":[{"href":"https:\/\/cpablitas.educacion.navarra.es\/web\/wp-json\/wp\/v2\/posts\/8683"}],"collection":[{"href":"https:\/\/cpablitas.educacion.navarra.es\/web\/wp-json\/wp\/v2\/posts"}],"about":[{"href":"https:\/\/cpablitas.educacion.navarra.es\/web\/wp-json\/wp\/v2\/types\/post"}],"author":[{"embeddable":true,"href":"https:\/\/cpablitas.educacion.navarra.es\/web\/wp-json\/wp\/v2\/users\/8"}],"replies":[{"embeddable":true,"href":"https:\/\/cpablitas.educacion.navarra.es\/web\/wp-json\/wp\/v2\/comments?post=8683"}],"version-history":[{"count":5,"href":"https:\/\/cpablitas.educacion.navarra.es\/web\/wp-json\/wp\/v2\/posts\/8683\/revisions"}],"predecessor-version":[{"id":8696,"href":"https:\/\/cpablitas.educacion.navarra.es\/web\/wp-json\/wp\/v2\/posts\/8683\/revisions\/8696"}],"wp:featuredmedia":[{"embeddable":true,"href":"https:\/\/cpablitas.educacion.navarra.es\/web\/wp-json\/wp\/v2\/media\/8417"}],"wp:attachment":[{"href":"https:\/\/cpablitas.educacion.navarra.es\/web\/wp-json\/wp\/v2\/media?parent=8683"}],"wp:term":[{"taxonomy":"category","embeddable":true,"href":"https:\/\/cpablitas.educacion.navarra.es\/web\/wp-json\/wp\/v2\/categories?post=8683"},{"taxonomy":"post_tag","embeddable":true,"href":"https:\/\/cpablitas.educacion.navarra.es\/web\/wp-json\/wp\/v2\/tags?post=8683"}],"curies":[{"name":"wp","href":"https:\/\/api.w.org\/{rel}","templated":true}]}}